{"id":10708,"date":"2026-01-19T09:20:12","date_gmt":"2026-01-19T09:20:12","guid":{"rendered":"https:\/\/mjarc.com\/habitacao-multifamiliar-em-que-consiste\/"},"modified":"2026-04-17T09:50:50","modified_gmt":"2026-04-17T09:50:50","slug":"logement-multifamilial","status":"publish","type":"post","link":"https:\/\/mjarc.com\/fr\/logement-multifamilial\/","title":{"rendered":"Habitat Collectif: d\u00e9finition, types et conception de projets"},"content":{"rendered":"<p data-start=\"5912\" data-end=\"6299\">Avec l\u2019augmentation de la population et la croissance continue des zones urbaines, <strong data-start=\"5995\" data-end=\"6026\">l\u2019investissement immobilier<\/strong> conna\u00eet une demande accrue, notamment dans le secteur du <strong data-start=\"6084\" data-end=\"6110\">logement multifamilial<\/strong>. Ce type de construction s\u2019impose comme une solution efficace, car il permet d\u2019accueillir plusieurs m\u00e9nages sur un m\u00eame terrain, r\u00e9pondant ainsi aux besoins actuels en mati\u00e8re de logement.<\/p>\n<p data-start=\"6301\" data-end=\"6756\">Bien que le march\u00e9 de l\u2019immobilier ancien reste dynamique, un nombre croissant d\u2019investisseurs et de particuliers s\u2019int\u00e9ressent \u00e0 la <strong data-start=\"6434\" data-end=\"6509\">construction et \u00e0 l\u2019acquisition d\u2019immeubles r\u00e9sidentiels multifamiliaux<\/strong>, en particulier dans le segment des constructions neuves. Toutefois, le manque d\u2019informations claires concernant la d\u00e9finition, les exigences l\u00e9gales, les avantages et les contraintes du logement multifamilial freine souvent la prise de d\u00e9cision.<\/p>\n<p data-start=\"6758\" data-end=\"7058\">Dans cet article, nous expliquons de mani\u00e8re claire et structur\u00e9e <strong data-start=\"6824\" data-end=\"6863\">ce qu\u2019est le logement multifamilial<\/strong>, son importance dans la soci\u00e9t\u00e9 contemporaine, ainsi que les <strong data-start=\"6925\" data-end=\"7005\">principaux avantages et inconv\u00e9nients de ce type d\u2019investissement immobilier<\/strong>, afin de vous aider \u00e0 prendre une d\u00e9cision \u00e9clair\u00e9e.<\/p>\n<h2 data-start=\"7065\" data-end=\"7110\">Qu\u2019est-ce que le logement multifamilial?<\/h2>\n<p data-start=\"7112\" data-end=\"7316\">Le <strong data-start=\"7115\" data-end=\"7141\">logement multifamilial<\/strong> d\u00e9signe un immeuble ou un ensemble de constructions implant\u00e9 sur une seule parcelle, comprenant <strong data-start=\"7238\" data-end=\"7282\">deux ou plusieurs logements ind\u00e9pendants<\/strong>, destin\u00e9s \u00e0 diff\u00e9rentes familles.<\/p>\n<p data-start=\"7318\" data-end=\"7362\">Il englobe plusieurs typologies, notamment :<\/p>\n<ul data-start=\"7363\" data-end=\"7526\">\n<li data-start=\"7363\" data-end=\"7389\">\n<p data-start=\"7365\" data-end=\"7389\">Immeubles r\u00e9sidentiels<\/p>\n<\/li>\n<li data-start=\"7390\" data-end=\"7415\">\n<p data-start=\"7392\" data-end=\"7415\">R\u00e9sidences s\u00e9curis\u00e9es<\/p>\n<\/li>\n<li data-start=\"7416\" data-end=\"7451\">\n<p data-start=\"7418\" data-end=\"7451\">Ensembles de maisons mitoyennes<\/p>\n<\/li>\n<li data-start=\"7452\" data-end=\"7474\">\n<p data-start=\"7454\" data-end=\"7474\">Lofts r\u00e9sidentiels<\/p>\n<\/li>\n<li data-start=\"7475\" data-end=\"7526\">\n<p data-start=\"7477\" data-end=\"7526\">Programmes ou ensembles de logements collectifs<\/p>\n<\/li>\n<\/ul>\n<p data-start=\"7528\" data-end=\"7655\">Par rapport \u00e0 l\u2019habitat unifamilial, ce mod\u00e8le permet une <strong data-start=\"7586\" data-end=\"7613\">optimisation du foncier<\/strong> et une densit\u00e9 r\u00e9sidentielle plus \u00e9lev\u00e9e.<\/p>\n<h2 data-start=\"7657\" data-end=\"7727\"><strong data-start=\"7657\" data-end=\"7727\">Exemples de logements multifamiliaux r\u00e9alis\u00e9s par MJARC Arquitetos<\/strong><\/h2>\n<h5 data-start=\"7730\" data-end=\"7756\"><\/h5>\n<p><img loading=\"lazy\" decoding=\"async\" class=\"aligncenter size-medium wp-image-16497\" src=\"https:\/\/mjarc.com\/wp-content\/uploads\/2023\/11\/1-1000x750.webp\" alt=\"vista aeria do enquadramento do edificio sobre a paisagem da covilha\" width=\"1000\" height=\"750\" srcset=\"https:\/\/mjarc.com\/wp-content\/uploads\/2023\/11\/1-1000x750.webp 1000w, https:\/\/mjarc.com\/wp-content\/uploads\/2023\/11\/1-768x576.webp 768w, https:\/\/mjarc.com\/wp-content\/uploads\/2023\/11\/1-1536x1152.webp 1536w, https:\/\/mjarc.com\/wp-content\/uploads\/2023\/11\/1.webp 1800w\" sizes=\"auto, (max-width: 1000px) 100vw, 1000px\" \/><\/p>\n<h5 style=\"text-align: center;\" data-start=\"7730\" data-end=\"7756\"><a href=\"https:\/\/mjarc.com\/fr\/projets-architecture\/tour-green-view\/\">Tour Green View<\/a>, Covilh\u00e3<\/h5>\n<p data-start=\"7759\" data-end=\"7792\"><img loading=\"lazy\" decoding=\"async\" class=\"aligncenter size-medium wp-image-16211\" src=\"https:\/\/mjarc.com\/wp-content\/uploads\/2025\/02\/Cam003-1000x627.webp\" alt=\"Renderiza\u00e7\u00e3o exterior, vista de \u00e2ngulo, de um moderno edif\u00edcio de apartamentos de tr\u00eas andares. A fachada \u00e9 revestida com ripas escuras e tem varandas e p\u00e1tios no r\u00e9s-do-ch\u00e3o com vista para uma \u00e1rea urbana.\" width=\"1000\" height=\"627\" srcset=\"https:\/\/mjarc.com\/wp-content\/uploads\/2025\/02\/Cam003-1000x627.webp 1000w, https:\/\/mjarc.com\/wp-content\/uploads\/2025\/02\/Cam003-768x481.webp 768w, https:\/\/mjarc.com\/wp-content\/uploads\/2025\/02\/Cam003-1536x963.webp 1536w, https:\/\/mjarc.com\/wp-content\/uploads\/2025\/02\/Cam003-2048x1284.webp 2048w\" sizes=\"auto, (max-width: 1000px) 100vw, 1000px\" \/><\/p>\n<h5 style=\"text-align: center;\" data-start=\"7759\" data-end=\"7792\"><a href=\"https:\/\/mjarc.com\/fr\/projets-architecture\/logement-multifamilial\/\">Logement multifamilial<\/a>, Coimbra<\/h5>\n<p data-start=\"7795\" data-end=\"7833\"><img loading=\"lazy\" decoding=\"async\" class=\"aligncenter size-medium wp-image-15460\" src=\"https:\/\/mjarc.com\/wp-content\/uploads\/2025\/11\/riverside-1-1000x625.png\" alt=\"Fachada principal do edificio Riverside em Santa Comba D\u00e3o \u00e0 noite\" width=\"1000\" height=\"625\" srcset=\"https:\/\/mjarc.com\/wp-content\/uploads\/2025\/11\/riverside-1-1000x625.png 1000w, https:\/\/mjarc.com\/wp-content\/uploads\/2025\/11\/riverside-1-768x480.png 768w, https:\/\/mjarc.com\/wp-content\/uploads\/2025\/11\/riverside-1-1536x960.png 1536w, https:\/\/mjarc.com\/wp-content\/uploads\/2025\/11\/riverside-1-2048x1280.png 2048w\" sizes=\"auto, (max-width: 1000px) 100vw, 1000px\" \/><\/p>\n<h5 style=\"text-align: center;\" data-start=\"7795\" data-end=\"7833\"><a href=\"https:\/\/mjarc.com\/fr\/projets-architecture\/riverside-fr\/\">R\u00e9sidence Riverside<\/a>, Santa Comba D\u00e3o<\/h5>\n<p>&nbsp;<\/p>\n<h2 data-start=\"7840\" data-end=\"7898\">L\u2019importance du logement multifamilial dans la soci\u00e9t\u00e9<\/h2>\n<p data-start=\"7900\" data-end=\"8198\">Au fil du temps, l\u2019habitat s\u2019est adapt\u00e9 aux \u00e9volutions d\u00e9mographiques, urbaines et sociales. Face \u00e0 l\u2019expansion des villes et \u00e0 la rar\u00e9faction du foncier urbain, le <strong data-start=\"8065\" data-end=\"8127\">logement multifamilial est devenu une solution essentielle<\/strong> pour loger un nombre croissant de r\u00e9sidents sur des surfaces limit\u00e9es.<\/p>\n<p data-start=\"8200\" data-end=\"8299\">Aujourd\u2019hui, ce type de construction joue un r\u00f4le central dans l\u2019am\u00e9nagement urbain en permettant :<\/p>\n<ul data-start=\"8300\" data-end=\"8446\">\n<li data-start=\"8300\" data-end=\"8338\">\n<p data-start=\"8302\" data-end=\"8338\">Une meilleure utilisation des sols<\/p>\n<\/li>\n<li data-start=\"8339\" data-end=\"8378\">\n<p data-start=\"8341\" data-end=\"8378\">La limitation de l\u2019\u00e9talement urbain<\/p>\n<\/li>\n<li data-start=\"8379\" data-end=\"8446\">\n<p data-start=\"8381\" data-end=\"8446\">L\u2019augmentation de l\u2019offre de logements dans les zones centrales<\/p>\n<\/li>\n<\/ul>\n<p data-start=\"8448\" data-end=\"8578\">C\u2019est pourquoi les immeubles multifamiliaux dominent les centres urbains et r\u00e9pondent efficacement aux besoins des grandes villes.<\/p>\n<h2 data-start=\"8585\" data-end=\"8661\">Avantages et inconv\u00e9nients de l\u2019investissement en logement multifamilial<\/h2>\n<p data-start=\"8663\" data-end=\"8930\">Comme tout <strong data-start=\"8674\" data-end=\"8703\">investissement immobilier<\/strong>, la construction ou l\u2019acquisition d\u2019un logement multifamilial doit \u00eatre soigneusement \u00e9tudi\u00e9e. Lorsqu\u2019il est bien situ\u00e9 et correctement con\u00e7u, il peut constituer un <strong data-start=\"8869\" data-end=\"8907\">investissement rentable et durable<\/strong> \u00e0 moyen et long terme.<\/p>\n<p data-start=\"8932\" data-end=\"9012\">Il reste toutefois indispensable d\u2019en analyser les avantages et les contraintes.<\/p>\n<h3 data-start=\"9019\" data-end=\"9092\">Avantages du logement multifamilial pour les acqu\u00e9reurs d\u2019un logement<\/h3>\n<ul data-start=\"9094\" data-end=\"9714\">\n<li data-start=\"9094\" data-end=\"9316\">\n<p data-start=\"9096\" data-end=\"9316\"><strong data-start=\"9096\" data-end=\"9134\">Charges de maintenance mutualis\u00e9es<\/strong> : Les frais d\u2019entretien et d\u2019am\u00e9lioration sont r\u00e9partis entre les copropri\u00e9taires selon les tanti\u00e8mes, ce qui repr\u00e9sente un avantage financier par rapport \u00e0 une maison individuelle.<\/p>\n<\/li>\n<li data-start=\"9317\" data-end=\"9505\">\n<p data-start=\"9319\" data-end=\"9505\"><strong data-start=\"9319\" data-end=\"9341\">S\u00e9curit\u00e9 renforc\u00e9e<\/strong> : La pr\u00e9sence de plusieurs foyers dans un m\u00eame immeuble am\u00e9liore le sentiment de s\u00e9curit\u00e9, souvent compl\u00e9t\u00e9 par des services de surveillance ou de s\u00e9curit\u00e9 24h\/24.<\/p>\n<\/li>\n<li data-start=\"9506\" data-end=\"9714\">\n<p data-start=\"9508\" data-end=\"9714\"><strong data-start=\"9508\" data-end=\"9539\">Acc\u00e8s \u00e0 des espaces communs<\/strong> : Les r\u00e9sidences multifamiliales peuvent proposer des \u00e9quipements partag\u00e9s tels que piscine, salle de sport, jardins ou espaces de convivialit\u00e9, am\u00e9liorant le confort de vie.<\/p>\n<\/li>\n<\/ul>\n<p>&nbsp;<\/p>\n<h3 data-start=\"9721\" data-end=\"9764\">Inconv\u00e9nients du logement multifamilial<\/h3>\n<p data-start=\"9766\" data-end=\"10029\">Le principal inconv\u00e9nient du logement multifamilial r\u00e9side dans <strong data-start=\"9830\" data-end=\"9869\">l\u2019investissement initial plus \u00e9lev\u00e9<\/strong>, notamment pour les projets de construction. Ceux-ci impliquent plusieurs unit\u00e9s d\u2019habitation, des infrastructures communes et une complexit\u00e9 technique accrue.<\/p>\n<p data-start=\"10031\" data-end=\"10078\">Pour limiter les risques, il est essentiel de :<\/p>\n<ul data-start=\"10079\" data-end=\"10257\">\n<li data-start=\"10079\" data-end=\"10121\">\n<p data-start=\"10081\" data-end=\"10121\">D\u00e9finir un budget pr\u00e9cis d\u00e8s le d\u00e9part<\/p>\n<\/li>\n<li data-start=\"10122\" data-end=\"10161\">\n<p data-start=\"10124\" data-end=\"10161\">\u00c9laborer un plan financier r\u00e9aliste<\/p>\n<\/li>\n<li data-start=\"10162\" data-end=\"10257\">\n<p data-start=\"10164\" data-end=\"10257\">Mettre en place des strat\u00e9gies de rentabilisation par la vente ou la location des logements<\/p>\n<\/li>\n<\/ul>\n<p>&nbsp;<\/p>\n<h2 data-start=\"10264\" data-end=\"10328\">R\u00e9habiliter un immeuble multifamilial existant : que faire?<\/h2>\n<p data-start=\"10330\" data-end=\"10631\">Il est parfois possible d\u2019h\u00e9riter ou d\u2019acqu\u00e9rir un immeuble multifamilial ancien n\u00e9cessitant des <strong data-start=\"10427\" data-end=\"10456\">travaux de r\u00e9habilitation<\/strong>. Dans ce contexte, la r\u00e9novation peut constituer une opportunit\u00e9 d\u2019investissement attractive, permettant une revalorisation du bien et la cr\u00e9ation de revenus compl\u00e9mentaires.<\/p>\n<p data-start=\"10633\" data-end=\"10683\">Avant d\u2019engager le projet, il convient d\u2019\u00e9valuer :<\/p>\n<ul data-start=\"10684\" data-end=\"10839\">\n<li data-start=\"10684\" data-end=\"10717\">\n<p data-start=\"10686\" data-end=\"10717\">L\u2019\u00e9tat structurel du b\u00e2timent<\/p>\n<\/li>\n<li data-start=\"10718\" data-end=\"10749\">\n<p data-start=\"10720\" data-end=\"10749\">Les co\u00fbts de r\u00e9habilitation<\/p>\n<\/li>\n<li data-start=\"10750\" data-end=\"10792\">\n<p data-start=\"10752\" data-end=\"10792\">Le cadre r\u00e9glementaire et urbanistique<\/p>\n<\/li>\n<li data-start=\"10793\" data-end=\"10839\">\n<p data-start=\"10795\" data-end=\"10839\">Le potentiel de valorisation apr\u00e8s travaux<\/p>\n<\/li>\n<\/ul>\n<p>&nbsp;<\/p>\n<h2 data-start=\"10846\" data-end=\"10920\">\u00c0 qui s\u2019adresser pour d\u00e9velopper un projet de logement multifamilial?<\/h2>\n<p data-start=\"10922\" data-end=\"11229\">Qu\u2019il s\u2019agisse de construction neuve ou de <a href=\"https:\/\/mjarc.com\/fr\/renovation-de-maisons-anciennes-tout-sur-la-rehabilitation\/\">r\u00e9habilitation<\/a>, <strong data-start=\"10981\" data-end=\"11070\">l\u2019investissement dans le logement multifamilial peut \u00eatre particuli\u00e8rement avantageux<\/strong>. Le succ\u00e8s du projet d\u00e9pend toutefois du choix d\u2019une <strong data-start=\"11124\" data-end=\"11170\">\u00e9quipe technique qualifi\u00e9e et exp\u00e9riment\u00e9e<\/strong>, capable d\u2019assurer l\u2019ensemble des phases du d\u00e9veloppement.<\/p>\n<p data-start=\"11231\" data-end=\"11513\">Si vous envisagez un projet de logement multifamilial et souhaitez b\u00e9n\u00e9ficier d\u2019un accompagnement technique, d\u2019informations compl\u00e9mentaires ou d\u2019un devis d\u00e9taill\u00e9,<a href=\"https:\/\/mjarc.com\/fr\/contacts\/\"> <strong data-start=\"11395\" data-end=\"11429\">n\u2019h\u00e9sitez pas \u00e0 nous contacter<\/strong><\/a>. Nous serons ravis de vous aider \u00e0 concr\u00e9tiser un investissement solide et p\u00e9renne.<\/p>\n","protected":false},"excerpt":{"rendered":"<p>Avec l\u2019augmentation de la population et la croissance continue des zones urbaines, l\u2019investissement immobilier conna\u00eet une demande accrue, notamment dans le secteur du logement multifamilial. Ce type de construction s\u2019impose comme une solution efficace, car il permet d\u2019accueillir plusieurs m\u00e9nages sur un m\u00eame terrain, r\u00e9pondant ainsi aux besoins actuels en mati\u00e8re de logement. Bien que [&hellip;]<\/p>\n<p class=\"read-more\"><a class=\"button\" href=\"https:\/\/mjarc.com\/fr\/logement-multifamilial\/\">Lire la suite<\/a><\/p>\n","protected":false},"author":1,"featured_media":13333,"comment_status":"open","ping_status":"open","sticky":false,"template":"","format":"standard","meta":{"_monsterinsights_skip_tracking":false,"_monsterinsights_sitenote_active":false,"_monsterinsights_sitenote_note":"","_monsterinsights_sitenote_category":0,"footnotes":""},"categories":[32],"tags":[546,659,660,661],"class_list":["post-10708","post","type-post","status-publish","format-standard","has-post-thumbnail","hentry","category-arquitetura-fr","tag-mjarc-arquitectos-fr","tag-arquitetura-fr","tag-habitacao-multifamiliar-fr","tag-projetos-de-arquitetura-fr"],"yoast_head":"<!-- This site is optimized with the Yoast SEO plugin v27.3 - https:\/\/yoast.com\/product\/yoast-seo-wordpress\/ -->\n<title>Habitat Collectif: d\u00e9finition, types et conception de projets<\/title>\n<meta name=\"description\" content=\"Immeubles d&#039;appartements et copropri\u00e9t\u00e9s : d\u00e9couvrez les diff\u00e9rents types d&#039;habitat collectif et les cl\u00e9s d&#039;un projet architectural r\u00e9ussi.\" \/>\n<meta name=\"robots\" content=\"index, follow, max-snippet:-1, max-image-preview:large, max-video-preview:-1\" \/>\n<link rel=\"canonical\" href=\"https:\/\/mjarc.com\/fr\/logement-multifamilial\/\" \/>\n<meta property=\"og:locale\" content=\"fr_FR\" \/>\n<meta property=\"og:type\" content=\"article\" \/>\n<meta property=\"og:title\" content=\"Habitat Collectif: d\u00e9finition, types et conception de projets\" \/>\n<meta property=\"og:description\" content=\"Immeubles d&#039;appartements et copropri\u00e9t\u00e9s : d\u00e9couvrez les diff\u00e9rents types d&#039;habitat collectif et les cl\u00e9s d&#039;un projet architectural r\u00e9ussi.\" \/>\n<meta property=\"og:url\" content=\"https:\/\/mjarc.com\/fr\/logement-multifamilial\/\" \/>\n<meta property=\"og:site_name\" content=\"Mjarc\" \/>\n<meta property=\"article:publisher\" content=\"https:\/\/www.facebook.com\/mjarc.arquitectos\/\" \/>\n<meta property=\"article:published_time\" content=\"2026-01-19T09:20:12+00:00\" \/>\n<meta property=\"article:modified_time\" content=\"2026-04-17T09:50:50+00:00\" \/>\n<meta property=\"og:image\" content=\"https:\/\/mjarc.com\/wp-content\/uploads\/2025\/02\/habitacao-multifamiliar-coimbra-2.jpg\" \/>\n\t<meta property=\"og:image:width\" content=\"1200\" \/>\n\t<meta property=\"og:image:height\" content=\"752\" \/>\n\t<meta property=\"og:image:type\" content=\"image\/jpeg\" \/>\n<meta name=\"author\" content=\"geral@wevolved.com\" \/>\n<meta name=\"twitter:card\" content=\"summary_large_image\" \/>\n<meta name=\"twitter:label1\" content=\"\u00c9crit par\" \/>\n\t<meta name=\"twitter:data1\" content=\"geral@wevolved.com\" \/>\n\t<meta name=\"twitter:label2\" content=\"Dur\u00e9e de lecture estim\u00e9e\" \/>\n\t<meta name=\"twitter:data2\" content=\"5 minutes\" \/>\n<script type=\"application\/ld+json\" class=\"yoast-schema-graph\">{\"@context\":\"https:\\\/\\\/schema.org\",\"@graph\":[{\"@type\":\"Article\",\"@id\":\"https:\\\/\\\/mjarc.com\\\/fr\\\/logement-multifamilial\\\/#article\",\"isPartOf\":{\"@id\":\"https:\\\/\\\/mjarc.com\\\/fr\\\/logement-multifamilial\\\/\"},\"author\":{\"name\":\"geral@wevolved.com\",\"@id\":\"https:\\\/\\\/mjarc.com\\\/fr\\\/#\\\/schema\\\/person\\\/ab65ccdc5c8ab87efc504c3b3b718820\"},\"headline\":\"Habitat Collectif: d\u00e9finition, types et conception de projets\",\"datePublished\":\"2026-01-19T09:20:12+00:00\",\"dateModified\":\"2026-04-17T09:50:50+00:00\",\"mainEntityOfPage\":{\"@id\":\"https:\\\/\\\/mjarc.com\\\/fr\\\/logement-multifamilial\\\/\"},\"wordCount\":872,\"commentCount\":0,\"publisher\":{\"@id\":\"https:\\\/\\\/mjarc.com\\\/fr\\\/#organization\"},\"image\":{\"@id\":\"https:\\\/\\\/mjarc.com\\\/fr\\\/logement-multifamilial\\\/#primaryimage\"},\"thumbnailUrl\":\"https:\\\/\\\/mjarc.com\\\/wp-content\\\/uploads\\\/2025\\\/02\\\/habitacao-multifamiliar-coimbra-2.jpg\",\"keywords\":[\"Mjarc: Arquitectos\",\"arquitetura\",\"Habita\u00e7\u00e3o multifamiliar\",\"projetos de arquitetura\"],\"articleSection\":[\"Architecture\"],\"inLanguage\":\"fr-FR\",\"potentialAction\":[{\"@type\":\"CommentAction\",\"name\":\"Comment\",\"target\":[\"https:\\\/\\\/mjarc.com\\\/fr\\\/logement-multifamilial\\\/#respond\"]}]},{\"@type\":\"WebPage\",\"@id\":\"https:\\\/\\\/mjarc.com\\\/fr\\\/logement-multifamilial\\\/\",\"url\":\"https:\\\/\\\/mjarc.com\\\/fr\\\/logement-multifamilial\\\/\",\"name\":\"Habitat Collectif: d\u00e9finition, types et conception de projets\",\"isPartOf\":{\"@id\":\"https:\\\/\\\/mjarc.com\\\/fr\\\/#website\"},\"primaryImageOfPage\":{\"@id\":\"https:\\\/\\\/mjarc.com\\\/fr\\\/logement-multifamilial\\\/#primaryimage\"},\"image\":{\"@id\":\"https:\\\/\\\/mjarc.com\\\/fr\\\/logement-multifamilial\\\/#primaryimage\"},\"thumbnailUrl\":\"https:\\\/\\\/mjarc.com\\\/wp-content\\\/uploads\\\/2025\\\/02\\\/habitacao-multifamiliar-coimbra-2.jpg\",\"datePublished\":\"2026-01-19T09:20:12+00:00\",\"dateModified\":\"2026-04-17T09:50:50+00:00\",\"description\":\"Immeubles d'appartements et copropri\u00e9t\u00e9s : d\u00e9couvrez les diff\u00e9rents types d'habitat collectif et les cl\u00e9s d'un projet architectural r\u00e9ussi.\",\"breadcrumb\":{\"@id\":\"https:\\\/\\\/mjarc.com\\\/fr\\\/logement-multifamilial\\\/#breadcrumb\"},\"inLanguage\":\"fr-FR\",\"potentialAction\":[{\"@type\":\"ReadAction\",\"target\":[\"https:\\\/\\\/mjarc.com\\\/fr\\\/logement-multifamilial\\\/\"]}]},{\"@type\":\"ImageObject\",\"inLanguage\":\"fr-FR\",\"@id\":\"https:\\\/\\\/mjarc.com\\\/fr\\\/logement-multifamilial\\\/#primaryimage\",\"url\":\"https:\\\/\\\/mjarc.com\\\/wp-content\\\/uploads\\\/2025\\\/02\\\/habitacao-multifamiliar-coimbra-2.jpg\",\"contentUrl\":\"https:\\\/\\\/mjarc.com\\\/wp-content\\\/uploads\\\/2025\\\/02\\\/habitacao-multifamiliar-coimbra-2.jpg\",\"width\":1200,\"height\":752,\"caption\":\"habitac\u0327a\u0303o multifamiliar coimbra-2\"},{\"@type\":\"BreadcrumbList\",\"@id\":\"https:\\\/\\\/mjarc.com\\\/fr\\\/logement-multifamilial\\\/#breadcrumb\",\"itemListElement\":[{\"@type\":\"ListItem\",\"position\":1,\"name\":\"In\u00edcio\",\"item\":\"https:\\\/\\\/mjarc.com\\\/fr\\\/\"},{\"@type\":\"ListItem\",\"position\":2,\"name\":\"Habitat Collectif: d\u00e9finition, types et conception de projets\"}]},{\"@type\":\"WebSite\",\"@id\":\"https:\\\/\\\/mjarc.com\\\/fr\\\/#website\",\"url\":\"https:\\\/\\\/mjarc.com\\\/fr\\\/\",\"name\":\"Mjarc\",\"description\":\"\",\"publisher\":{\"@id\":\"https:\\\/\\\/mjarc.com\\\/fr\\\/#organization\"},\"potentialAction\":[{\"@type\":\"SearchAction\",\"target\":{\"@type\":\"EntryPoint\",\"urlTemplate\":\"https:\\\/\\\/mjarc.com\\\/fr\\\/?s={search_term_string}\"},\"query-input\":{\"@type\":\"PropertyValueSpecification\",\"valueRequired\":true,\"valueName\":\"search_term_string\"}}],\"inLanguage\":\"fr-FR\"},{\"@type\":\"Organization\",\"@id\":\"https:\\\/\\\/mjarc.com\\\/fr\\\/#organization\",\"name\":\"Mjarc\",\"url\":\"https:\\\/\\\/mjarc.com\\\/fr\\\/\",\"logo\":{\"@type\":\"ImageObject\",\"inLanguage\":\"fr-FR\",\"@id\":\"https:\\\/\\\/mjarc.com\\\/fr\\\/#\\\/schema\\\/logo\\\/image\\\/\",\"url\":\"https:\\\/\\\/mjarc.com\\\/wp-content\\\/uploads\\\/2023\\\/08\\\/logo_black_1.png\",\"contentUrl\":\"https:\\\/\\\/mjarc.com\\\/wp-content\\\/uploads\\\/2023\\\/08\\\/logo_black_1.png\",\"width\":130,\"height\":130,\"caption\":\"Mjarc\"},\"image\":{\"@id\":\"https:\\\/\\\/mjarc.com\\\/fr\\\/#\\\/schema\\\/logo\\\/image\\\/\"},\"sameAs\":[\"https:\\\/\\\/www.facebook.com\\\/mjarc.arquitectos\\\/\",\"https:\\\/\\\/www.instagram.com\\\/mjarc.arq\\\/\"]},{\"@type\":\"Person\",\"@id\":\"https:\\\/\\\/mjarc.com\\\/fr\\\/#\\\/schema\\\/person\\\/ab65ccdc5c8ab87efc504c3b3b718820\",\"name\":\"geral@wevolved.com\",\"image\":{\"@type\":\"ImageObject\",\"inLanguage\":\"fr-FR\",\"@id\":\"https:\\\/\\\/mjarc.com\\\/wp-content\\\/litespeed\\\/avatar\\\/cc65f333da34ffbb92fb901af0aefde1.jpg?ver=1776966493\",\"url\":\"https:\\\/\\\/mjarc.com\\\/wp-content\\\/litespeed\\\/avatar\\\/cc65f333da34ffbb92fb901af0aefde1.jpg?ver=1776966493\",\"contentUrl\":\"https:\\\/\\\/mjarc.com\\\/wp-content\\\/litespeed\\\/avatar\\\/cc65f333da34ffbb92fb901af0aefde1.jpg?ver=1776966493\",\"caption\":\"geral@wevolved.com\"},\"sameAs\":[\"http:\\\/\\\/mjarc.com\"],\"url\":\"https:\\\/\\\/mjarc.com\\\/fr\\\/author\\\/geralwevolved-com\\\/\"}]}<\/script>\n<!-- \/ Yoast SEO plugin. -->","yoast_head_json":{"title":"Habitat Collectif: d\u00e9finition, types et conception de projets","description":"Immeubles d'appartements et copropri\u00e9t\u00e9s : d\u00e9couvrez les diff\u00e9rents types d'habitat collectif et les cl\u00e9s d'un projet architectural r\u00e9ussi.","robots":{"index":"index","follow":"follow","max-snippet":"max-snippet:-1","max-image-preview":"max-image-preview:large","max-video-preview":"max-video-preview:-1"},"canonical":"https:\/\/mjarc.com\/fr\/logement-multifamilial\/","og_locale":"fr_FR","og_type":"article","og_title":"Habitat Collectif: d\u00e9finition, types et conception de projets","og_description":"Immeubles d'appartements et copropri\u00e9t\u00e9s : d\u00e9couvrez les diff\u00e9rents types d'habitat collectif et les cl\u00e9s d'un projet architectural r\u00e9ussi.","og_url":"https:\/\/mjarc.com\/fr\/logement-multifamilial\/","og_site_name":"Mjarc","article_publisher":"https:\/\/www.facebook.com\/mjarc.arquitectos\/","article_published_time":"2026-01-19T09:20:12+00:00","article_modified_time":"2026-04-17T09:50:50+00:00","og_image":[{"width":1200,"height":752,"url":"https:\/\/mjarc.com\/wp-content\/uploads\/2025\/02\/habitacao-multifamiliar-coimbra-2.jpg","type":"image\/jpeg"}],"author":"geral@wevolved.com","twitter_card":"summary_large_image","twitter_misc":{"\u00c9crit par":"geral@wevolved.com","Dur\u00e9e de lecture estim\u00e9e":"5 minutes"},"schema":{"@context":"https:\/\/schema.org","@graph":[{"@type":"Article","@id":"https:\/\/mjarc.com\/fr\/logement-multifamilial\/#article","isPartOf":{"@id":"https:\/\/mjarc.com\/fr\/logement-multifamilial\/"},"author":{"name":"geral@wevolved.com","@id":"https:\/\/mjarc.com\/fr\/#\/schema\/person\/ab65ccdc5c8ab87efc504c3b3b718820"},"headline":"Habitat Collectif: d\u00e9finition, types et conception de projets","datePublished":"2026-01-19T09:20:12+00:00","dateModified":"2026-04-17T09:50:50+00:00","mainEntityOfPage":{"@id":"https:\/\/mjarc.com\/fr\/logement-multifamilial\/"},"wordCount":872,"commentCount":0,"publisher":{"@id":"https:\/\/mjarc.com\/fr\/#organization"},"image":{"@id":"https:\/\/mjarc.com\/fr\/logement-multifamilial\/#primaryimage"},"thumbnailUrl":"https:\/\/mjarc.com\/wp-content\/uploads\/2025\/02\/habitacao-multifamiliar-coimbra-2.jpg","keywords":["Mjarc: Arquitectos","arquitetura","Habita\u00e7\u00e3o multifamiliar","projetos de arquitetura"],"articleSection":["Architecture"],"inLanguage":"fr-FR","potentialAction":[{"@type":"CommentAction","name":"Comment","target":["https:\/\/mjarc.com\/fr\/logement-multifamilial\/#respond"]}]},{"@type":"WebPage","@id":"https:\/\/mjarc.com\/fr\/logement-multifamilial\/","url":"https:\/\/mjarc.com\/fr\/logement-multifamilial\/","name":"Habitat Collectif: d\u00e9finition, types et conception de projets","isPartOf":{"@id":"https:\/\/mjarc.com\/fr\/#website"},"primaryImageOfPage":{"@id":"https:\/\/mjarc.com\/fr\/logement-multifamilial\/#primaryimage"},"image":{"@id":"https:\/\/mjarc.com\/fr\/logement-multifamilial\/#primaryimage"},"thumbnailUrl":"https:\/\/mjarc.com\/wp-content\/uploads\/2025\/02\/habitacao-multifamiliar-coimbra-2.jpg","datePublished":"2026-01-19T09:20:12+00:00","dateModified":"2026-04-17T09:50:50+00:00","description":"Immeubles d'appartements et copropri\u00e9t\u00e9s : d\u00e9couvrez les diff\u00e9rents types d'habitat collectif et les cl\u00e9s d'un projet architectural r\u00e9ussi.","breadcrumb":{"@id":"https:\/\/mjarc.com\/fr\/logement-multifamilial\/#breadcrumb"},"inLanguage":"fr-FR","potentialAction":[{"@type":"ReadAction","target":["https:\/\/mjarc.com\/fr\/logement-multifamilial\/"]}]},{"@type":"ImageObject","inLanguage":"fr-FR","@id":"https:\/\/mjarc.com\/fr\/logement-multifamilial\/#primaryimage","url":"https:\/\/mjarc.com\/wp-content\/uploads\/2025\/02\/habitacao-multifamiliar-coimbra-2.jpg","contentUrl":"https:\/\/mjarc.com\/wp-content\/uploads\/2025\/02\/habitacao-multifamiliar-coimbra-2.jpg","width":1200,"height":752,"caption":"habitac\u0327a\u0303o multifamiliar coimbra-2"},{"@type":"BreadcrumbList","@id":"https:\/\/mjarc.com\/fr\/logement-multifamilial\/#breadcrumb","itemListElement":[{"@type":"ListItem","position":1,"name":"In\u00edcio","item":"https:\/\/mjarc.com\/fr\/"},{"@type":"ListItem","position":2,"name":"Habitat Collectif: d\u00e9finition, types et conception de projets"}]},{"@type":"WebSite","@id":"https:\/\/mjarc.com\/fr\/#website","url":"https:\/\/mjarc.com\/fr\/","name":"Mjarc","description":"","publisher":{"@id":"https:\/\/mjarc.com\/fr\/#organization"},"potentialAction":[{"@type":"SearchAction","target":{"@type":"EntryPoint","urlTemplate":"https:\/\/mjarc.com\/fr\/?s={search_term_string}"},"query-input":{"@type":"PropertyValueSpecification","valueRequired":true,"valueName":"search_term_string"}}],"inLanguage":"fr-FR"},{"@type":"Organization","@id":"https:\/\/mjarc.com\/fr\/#organization","name":"Mjarc","url":"https:\/\/mjarc.com\/fr\/","logo":{"@type":"ImageObject","inLanguage":"fr-FR","@id":"https:\/\/mjarc.com\/fr\/#\/schema\/logo\/image\/","url":"https:\/\/mjarc.com\/wp-content\/uploads\/2023\/08\/logo_black_1.png","contentUrl":"https:\/\/mjarc.com\/wp-content\/uploads\/2023\/08\/logo_black_1.png","width":130,"height":130,"caption":"Mjarc"},"image":{"@id":"https:\/\/mjarc.com\/fr\/#\/schema\/logo\/image\/"},"sameAs":["https:\/\/www.facebook.com\/mjarc.arquitectos\/","https:\/\/www.instagram.com\/mjarc.arq\/"]},{"@type":"Person","@id":"https:\/\/mjarc.com\/fr\/#\/schema\/person\/ab65ccdc5c8ab87efc504c3b3b718820","name":"geral@wevolved.com","image":{"@type":"ImageObject","inLanguage":"fr-FR","@id":"https:\/\/mjarc.com\/wp-content\/litespeed\/avatar\/cc65f333da34ffbb92fb901af0aefde1.jpg?ver=1776966493","url":"https:\/\/mjarc.com\/wp-content\/litespeed\/avatar\/cc65f333da34ffbb92fb901af0aefde1.jpg?ver=1776966493","contentUrl":"https:\/\/mjarc.com\/wp-content\/litespeed\/avatar\/cc65f333da34ffbb92fb901af0aefde1.jpg?ver=1776966493","caption":"geral@wevolved.com"},"sameAs":["http:\/\/mjarc.com"],"url":"https:\/\/mjarc.com\/fr\/author\/geralwevolved-com\/"}]}},"_links":{"self":[{"href":"https:\/\/mjarc.com\/fr\/wp-json\/wp\/v2\/posts\/10708","targetHints":{"allow":["GET"]}}],"collection":[{"href":"https:\/\/mjarc.com\/fr\/wp-json\/wp\/v2\/posts"}],"about":[{"href":"https:\/\/mjarc.com\/fr\/wp-json\/wp\/v2\/types\/post"}],"author":[{"embeddable":true,"href":"https:\/\/mjarc.com\/fr\/wp-json\/wp\/v2\/users\/1"}],"replies":[{"embeddable":true,"href":"https:\/\/mjarc.com\/fr\/wp-json\/wp\/v2\/comments?post=10708"}],"version-history":[{"count":7,"href":"https:\/\/mjarc.com\/fr\/wp-json\/wp\/v2\/posts\/10708\/revisions"}],"predecessor-version":[{"id":10717,"href":"https:\/\/mjarc.com\/fr\/wp-json\/wp\/v2\/posts\/10708\/revisions\/10717"}],"wp:featuredmedia":[{"embeddable":true,"href":"https:\/\/mjarc.com\/fr\/wp-json\/wp\/v2\/media\/13333"}],"wp:attachment":[{"href":"https:\/\/mjarc.com\/fr\/wp-json\/wp\/v2\/media?parent=10708"}],"wp:term":[{"taxonomy":"category","embeddable":true,"href":"https:\/\/mjarc.com\/fr\/wp-json\/wp\/v2\/categories?post=10708"},{"taxonomy":"post_tag","embeddable":true,"href":"https:\/\/mjarc.com\/fr\/wp-json\/wp\/v2\/tags?post=10708"}],"curies":[{"name":"wp","href":"https:\/\/api.w.org\/{rel}","templated":true}]}}