{"id":10911,"date":"2021-03-17T07:57:28","date_gmt":"2021-03-17T07:57:28","guid":{"rendered":"https:\/\/mjarc.com\/cobertura-ajardinada-e-verdes\/"},"modified":"2024-03-15T12:29:47","modified_gmt":"2024-03-15T12:29:47","slug":"toits-verts-pour-les-projets","status":"publish","type":"post","link":"https:\/\/mjarc.com\/fr\/toits-verts-pour-les-projets\/","title":{"rendered":"Toits verts pour les projets"},"content":{"rendered":"<p>Un toit vert est \u00e9galement un jardin et joue un r\u00f4le de plus en plus important dans la r\u00e9duction de l&rsquo;impact des b\u00e2timents construits ou \u00e0 construire, et donc de leur impact sur l&rsquo;environnement.<\/p>\n<p>Int\u00e9gr\u00e9s dans les strat\u00e9gies de planification \u00e9cologique et de d\u00e9veloppement durable, ils contribuent passivement \u00e0 cr\u00e9er des environnements confortables \u00e0 l&rsquo;int\u00e9rieur des b\u00e2timents, \u00e0 r\u00e9duire la consommation d&rsquo;\u00e9nergie et \u00e0 permettre aux b\u00e2timents de s&rsquo;adapter \u00e0 leur environnement.<\/p>\n<p>&nbsp;<\/p>\n<h3>Toits verts (Green Roft)<\/h3>\n<p>Associer des toits verts \u00e0 des \u00e9l\u00e9ments b\u00e2tis pr\u00e9sente un certain nombre d&rsquo;avantages, non seulement environnementaux, mais aussi \u00e9conomiques et sociocommunautaires. Certains de ces avantages sont ressentis \u00e0 l&rsquo;\u00e9chelle du b\u00e2timent, d&rsquo;autres n&rsquo;auront un impact qu&rsquo;\u00e0 l&rsquo;\u00e9chelle de la municipalit\u00e9 ou de la ville.<\/p>\n<p><img loading=\"lazy\" decoding=\"async\" class=\"alignnone wp-image-4004 \" src=\"http:\/\/mjarc.com\/wp-content\/uploads\/2023\/08\/screenshot_2021-03-21_at_17.15.40-1024x512.png\" alt=\"\" width=\"830\" height=\"415\" srcset=\"https:\/\/mjarc.com\/wp-content\/uploads\/2023\/08\/screenshot_2021-03-21_at_17.15.40-1024x512.png 1024w, https:\/\/mjarc.com\/wp-content\/uploads\/2023\/08\/screenshot_2021-03-21_at_17.15.40-300x150.png 300w, https:\/\/mjarc.com\/wp-content\/uploads\/2023\/08\/screenshot_2021-03-21_at_17.15.40-768x384.png 768w, https:\/\/mjarc.com\/wp-content\/uploads\/2023\/08\/screenshot_2021-03-21_at_17.15.40.png 1044w\" sizes=\"auto, (max-width: 830px) 100vw, 830px\" \/><\/p>\n<p>&nbsp;<\/p>\n<h3>Avantages pour l&rsquo;environnement<\/h3>\n<p>Nous avons identifi\u00e9 ceux que nous associons facilement \u00e0 l&rsquo;augmentation des espaces verts dans un contexte urbain, tels que la production d&rsquo;oxyg\u00e8ne, la capture du carbone, le filtrage des poussi\u00e8res toxiques, la cr\u00e9ation d&rsquo;habitats, l&rsquo;augmentation de la biodiversit\u00e9, la r\u00e9duction de l&rsquo;\u00eelot de chaleur et de l&rsquo;effet de serre.<\/p>\n<p>Toutefois, d&rsquo;autres questions environnementales rev\u00eatent une grande importance, comme la gestion des eaux de pluie. Ici, le r\u00f4le des toits verts est double:<\/p>\n<ul>\n<li>R\u00e9duire la quantit\u00e9 d&rsquo;eau qui atteint les syst\u00e8mes de drainage.<\/li>\n<li>Retarder l&rsquo;arriv\u00e9e de l&rsquo;eau dans les syst\u00e8mes de drainage.<\/li>\n<\/ul>\n<p>De cette mani\u00e8re, la mise en \u0153uvre de toits verts \u00e0 grande\/moyenne \u00e9chelle pourrait r\u00e9duire ou pr\u00e9venir les ph\u00e9nom\u00e8nes d&rsquo;inondation.<\/p>\n<p><a href=\"https:\/\/mjarc.com\/fr\/projets-architecture\/casa-no-vale-do-douro-projeto-arquitetura\/\" target=\"_blank\" rel=\"noopener\"><img loading=\"lazy\" decoding=\"async\" class=\"aligncenter wp-image-4006 size-large\" src=\"http:\/\/mjarc.com\/wp-content\/uploads\/2023\/08\/Casa_vale_do_douro-1024x683.jpg\" alt=\"\" width=\"1024\" height=\"683\" srcset=\"https:\/\/mjarc.com\/wp-content\/uploads\/2023\/08\/Casa_vale_do_douro-1024x683.jpg 1024w, https:\/\/mjarc.com\/wp-content\/uploads\/2023\/08\/Casa_vale_do_douro-300x200.jpg 300w, https:\/\/mjarc.com\/wp-content\/uploads\/2023\/08\/Casa_vale_do_douro-768x512.jpg 768w, https:\/\/mjarc.com\/wp-content\/uploads\/2023\/08\/Casa_vale_do_douro.jpg 1499w\" sizes=\"auto, (max-width: 1024px) 100vw, 1024px\" \/><\/a><\/p>\n<p style=\"text-align: center;\"><a href=\"https:\/\/mjarc.com\/fr\/projets-architecture\/casa-no-vale-do-douro-projeto-arquitetura\/\" target=\"_blank\" rel=\"noopener\"><span style=\"font-size: 10pt;\"><span style=\"text-decoration: underline;\"><span style=\"color: #333333; text-decoration: underline;\">Toit vert &#8211; Projet Casa Vale do Douro<\/span><\/span><\/span><\/a><\/p>\n<p>&nbsp;<\/p>\n<h3>Avantages \u00e9conomiques<\/h3>\n<p>La protection de l&rsquo;\u00e9tanch\u00e9it\u00e9 est l&rsquo;une des plus importantes. Contrairement aux id\u00e9es re\u00e7ues, les feuilles d&rsquo;\u00e9tanch\u00e9it\u00e9 auront une dur\u00e9e de vie plus longue lorsqu&rsquo;une toiture verte est install\u00e9e sur le b\u00e2timent. En effet, les feuilles ne sont pas soumises aux variations thermiques et \u00e0 l&rsquo;action des rayons du soleil, en raison de la nature isolante du syst\u00e8me de toiture verte.<\/p>\n<p>L&rsquo;isolation thermique et l&rsquo;augmentation consid\u00e9rable de l&rsquo;efficacit\u00e9 \u00e9nerg\u00e9tique que les toits verts apportent aux b\u00e2timents sont \u00e9galement tr\u00e8s importantes.<\/p>\n<p>Les avantages \u00e9conomiques sont les suivants<\/p>\n<ul>\n<li>Efficacit\u00e9 \u00e9nerg\u00e9tique : r\u00e9duction des co\u00fbts de chauffage et de climatisation des b\u00e2timents Gr\u00e2ce aux propri\u00e9t\u00e9s thermiques des syst\u00e8mes de toits verts, nous pouvons consid\u00e9rer cette technologie comme une technique passive d&rsquo;efficacit\u00e9 \u00e9nerg\u00e9tique dans la construction de b\u00e2timents.<\/li>\n<li>Augmentation de la dur\u00e9e de vie de la membrane d&rsquo;\u00e9tanch\u00e9it\u00e9 : les r\u00e9sultats de diverses \u00e9tudes montrent que les syst\u00e8mes de toiture verte prot\u00e8gent les membranes d&rsquo;\u00e9tanch\u00e9it\u00e9 contre les dommages caus\u00e9s par les amplitudes thermiques, tels que la fissuration et la stratification, et contre les dommages m\u00e9caniques.<\/li>\n<\/ul>\n<p>Tout d&rsquo;abord, on peut conclure que les syst\u00e8mes de toits verts peuvent contribuer \u00e0 la bonne performance des b\u00e2timents et \u00e0 l&rsquo;am\u00e9lioration de la qualit\u00e9 des environnements urbains, \u00e0 condition qu&rsquo;ils soient adapt\u00e9s \u00e0 la zone sp\u00e9cifique et \u00e0 la situation climatique de chaque site. Chaque projet de toiture verte aura ses propres exigences : programme, conception et entretien.<\/p>\n<p>&nbsp;<\/p>\n<h3>Vous cherchez un toit vert pour votre projet ?<\/h3>\n<p><a href=\"https:\/\/mjarc.com\/fr\/contacts\/\">Demandez-nous un devis<\/a> et d\u00e9couvrez comment nous pouvons vous aider \u00e0 int\u00e9grer un toit vert.<\/p>\n","protected":false},"excerpt":{"rendered":"<p>Un toit vert est \u00e9galement un jardin et joue un r\u00f4le de plus en plus important dans la r\u00e9duction de l&rsquo;impact des b\u00e2timents construits ou \u00e0 construire, et donc de leur impact sur l&rsquo;environnement. Int\u00e9gr\u00e9s dans les strat\u00e9gies de planification \u00e9cologique et de d\u00e9veloppement durable, ils contribuent passivement \u00e0 cr\u00e9er des environnements confortables \u00e0 l&rsquo;int\u00e9rieur [&hellip;]<\/p>\n<p class=\"read-more\"><a class=\"button\" href=\"https:\/\/mjarc.com\/fr\/toits-verts-pour-les-projets\/\">Lire la suite<\/a><\/p>\n","protected":false},"author":1,"featured_media":10905,"comment_status":"open","ping_status":"open","sticky":false,"template":"","format":"standard","meta":{"_monsterinsights_skip_tracking":false,"_monsterinsights_sitenote_active":false,"_monsterinsights_sitenote_note":"","_monsterinsights_sitenote_category":0,"footnotes":""},"categories":[32,37,51],"tags":[659,665,666],"class_list":["post-10911","post","type-post","status-publish","format-standard","has-post-thumbnail","hentry","category-arquitetura-fr","category-exteriores-fr","category-eficiencia-fr","tag-arquitetura-fr","tag-coberturas-verdes-fr","tag-projetos-fr"],"yoast_head":"<!-- This site is optimized with the Yoast SEO plugin v27.3 - https:\/\/yoast.com\/product\/yoast-seo-wordpress\/ -->\n<title>Toits verts pour les projets<\/title>\n<meta name=\"description\" content=\"Aujourd&#039;hui, l&#039;\u00e9quipe de MJARC Arquitectos va donner son avis sur les toits verts pour votre maison, ainsi que leurs avantages.\" \/>\n<meta name=\"robots\" content=\"index, follow, max-snippet:-1, max-image-preview:large, max-video-preview:-1\" \/>\n<link rel=\"canonical\" href=\"https:\/\/mjarc.com\/cobertura-ajardinada-e-verdes\/\" \/>\n<meta property=\"og:locale\" content=\"fr_FR\" \/>\n<meta property=\"og:type\" content=\"article\" \/>\n<meta property=\"og:title\" content=\"Toits verts pour les projets\" \/>\n<meta property=\"og:description\" content=\"Aujourd&#039;hui, l&#039;\u00e9quipe de MJARC Arquitectos va donner son avis sur les toits verts pour votre maison, ainsi que leurs avantages.\" \/>\n<meta property=\"og:url\" content=\"https:\/\/mjarc.com\/cobertura-ajardinada-e-verdes\/\" \/>\n<meta property=\"og:site_name\" content=\"Mjarc\" \/>\n<meta property=\"article:publisher\" content=\"https:\/\/www.facebook.com\/mjarc.arquitectos\/\" \/>\n<meta property=\"article:published_time\" content=\"2021-03-17T07:57:28+00:00\" \/>\n<meta property=\"article:modified_time\" content=\"2024-03-15T12:29:47+00:00\" \/>\n<meta property=\"og:image\" content=\"https:\/\/mjarc.com\/wp-content\/uploads\/2021\/03\/Casa-Vale-Do-Douro-projeto-arquitetura-mjarc-e1710500074318.jpg\" \/>\n\t<meta property=\"og:image:width\" content=\"1800\" \/>\n\t<meta property=\"og:image:height\" content=\"1201\" \/>\n\t<meta property=\"og:image:type\" content=\"image\/jpeg\" \/>\n<meta name=\"author\" content=\"geral@wevolved.com\" \/>\n<meta name=\"twitter:card\" content=\"summary_large_image\" \/>\n<meta name=\"twitter:label1\" content=\"\u00c9crit par\" \/>\n\t<meta name=\"twitter:data1\" content=\"geral@wevolved.com\" \/>\n\t<meta name=\"twitter:label2\" content=\"Dur\u00e9e de lecture estim\u00e9e\" \/>\n\t<meta name=\"twitter:data2\" content=\"4 minutes\" \/>\n<script type=\"application\/ld+json\" class=\"yoast-schema-graph\">{\"@context\":\"https:\\\/\\\/schema.org\",\"@graph\":[{\"@type\":\"Article\",\"@id\":\"https:\\\/\\\/mjarc.com\\\/cobertura-ajardinada-e-verdes\\\/#article\",\"isPartOf\":{\"@id\":\"https:\\\/\\\/mjarc.com\\\/cobertura-ajardinada-e-verdes\\\/\"},\"author\":{\"name\":\"geral@wevolved.com\",\"@id\":\"https:\\\/\\\/mjarc.com\\\/fr\\\/#\\\/schema\\\/person\\\/ab65ccdc5c8ab87efc504c3b3b718820\"},\"headline\":\"Toits verts pour les projets\",\"datePublished\":\"2021-03-17T07:57:28+00:00\",\"dateModified\":\"2024-03-15T12:29:47+00:00\",\"mainEntityOfPage\":{\"@id\":\"https:\\\/\\\/mjarc.com\\\/cobertura-ajardinada-e-verdes\\\/\"},\"wordCount\":591,\"commentCount\":0,\"publisher\":{\"@id\":\"https:\\\/\\\/mjarc.com\\\/fr\\\/#organization\"},\"image\":{\"@id\":\"https:\\\/\\\/mjarc.com\\\/cobertura-ajardinada-e-verdes\\\/#primaryimage\"},\"thumbnailUrl\":\"https:\\\/\\\/mjarc.com\\\/wp-content\\\/uploads\\\/2021\\\/03\\\/Casa-Vale-Do-Douro-projeto-arquitetura-mjarc-e1710500074318.jpg\",\"keywords\":[\"arquitetura\",\"coberturas verdes\",\"projetos\"],\"articleSection\":[\"Architecture\",\"Ext\u00e9rieur\",\"Efficacit\u00e9\"],\"inLanguage\":\"fr-FR\",\"potentialAction\":[{\"@type\":\"CommentAction\",\"name\":\"Comment\",\"target\":[\"https:\\\/\\\/mjarc.com\\\/cobertura-ajardinada-e-verdes\\\/#respond\"]}]},{\"@type\":\"WebPage\",\"@id\":\"https:\\\/\\\/mjarc.com\\\/cobertura-ajardinada-e-verdes\\\/\",\"url\":\"https:\\\/\\\/mjarc.com\\\/cobertura-ajardinada-e-verdes\\\/\",\"name\":\"Toits verts pour les projets\",\"isPartOf\":{\"@id\":\"https:\\\/\\\/mjarc.com\\\/fr\\\/#website\"},\"primaryImageOfPage\":{\"@id\":\"https:\\\/\\\/mjarc.com\\\/cobertura-ajardinada-e-verdes\\\/#primaryimage\"},\"image\":{\"@id\":\"https:\\\/\\\/mjarc.com\\\/cobertura-ajardinada-e-verdes\\\/#primaryimage\"},\"thumbnailUrl\":\"https:\\\/\\\/mjarc.com\\\/wp-content\\\/uploads\\\/2021\\\/03\\\/Casa-Vale-Do-Douro-projeto-arquitetura-mjarc-e1710500074318.jpg\",\"datePublished\":\"2021-03-17T07:57:28+00:00\",\"dateModified\":\"2024-03-15T12:29:47+00:00\",\"description\":\"Aujourd'hui, l'\u00e9quipe de MJARC Arquitectos va donner son avis sur les toits verts pour votre maison, ainsi que leurs avantages.\",\"breadcrumb\":{\"@id\":\"https:\\\/\\\/mjarc.com\\\/cobertura-ajardinada-e-verdes\\\/#breadcrumb\"},\"inLanguage\":\"fr-FR\",\"potentialAction\":[{\"@type\":\"ReadAction\",\"target\":[\"https:\\\/\\\/mjarc.com\\\/cobertura-ajardinada-e-verdes\\\/\"]}]},{\"@type\":\"ImageObject\",\"inLanguage\":\"fr-FR\",\"@id\":\"https:\\\/\\\/mjarc.com\\\/cobertura-ajardinada-e-verdes\\\/#primaryimage\",\"url\":\"https:\\\/\\\/mjarc.com\\\/wp-content\\\/uploads\\\/2021\\\/03\\\/Casa-Vale-Do-Douro-projeto-arquitetura-mjarc-e1710500074318.jpg\",\"contentUrl\":\"https:\\\/\\\/mjarc.com\\\/wp-content\\\/uploads\\\/2021\\\/03\\\/Casa-Vale-Do-Douro-projeto-arquitetura-mjarc-e1710500074318.jpg\",\"width\":1800,\"height\":1201,\"caption\":\"Casa Vale Do Douro - coberturas ajardinadas\"},{\"@type\":\"BreadcrumbList\",\"@id\":\"https:\\\/\\\/mjarc.com\\\/cobertura-ajardinada-e-verdes\\\/#breadcrumb\",\"itemListElement\":[{\"@type\":\"ListItem\",\"position\":1,\"name\":\"In\u00edcio\",\"item\":\"https:\\\/\\\/mjarc.com\\\/fr\\\/\"},{\"@type\":\"ListItem\",\"position\":2,\"name\":\"Toits verts pour les projets\"}]},{\"@type\":\"WebSite\",\"@id\":\"https:\\\/\\\/mjarc.com\\\/fr\\\/#website\",\"url\":\"https:\\\/\\\/mjarc.com\\\/fr\\\/\",\"name\":\"Mjarc\",\"description\":\"\",\"publisher\":{\"@id\":\"https:\\\/\\\/mjarc.com\\\/fr\\\/#organization\"},\"potentialAction\":[{\"@type\":\"SearchAction\",\"target\":{\"@type\":\"EntryPoint\",\"urlTemplate\":\"https:\\\/\\\/mjarc.com\\\/fr\\\/?s={search_term_string}\"},\"query-input\":{\"@type\":\"PropertyValueSpecification\",\"valueRequired\":true,\"valueName\":\"search_term_string\"}}],\"inLanguage\":\"fr-FR\"},{\"@type\":\"Organization\",\"@id\":\"https:\\\/\\\/mjarc.com\\\/fr\\\/#organization\",\"name\":\"Mjarc\",\"url\":\"https:\\\/\\\/mjarc.com\\\/fr\\\/\",\"logo\":{\"@type\":\"ImageObject\",\"inLanguage\":\"fr-FR\",\"@id\":\"https:\\\/\\\/mjarc.com\\\/fr\\\/#\\\/schema\\\/logo\\\/image\\\/\",\"url\":\"https:\\\/\\\/mjarc.com\\\/wp-content\\\/uploads\\\/2023\\\/08\\\/logo_black_1.png\",\"contentUrl\":\"https:\\\/\\\/mjarc.com\\\/wp-content\\\/uploads\\\/2023\\\/08\\\/logo_black_1.png\",\"width\":130,\"height\":130,\"caption\":\"Mjarc\"},\"image\":{\"@id\":\"https:\\\/\\\/mjarc.com\\\/fr\\\/#\\\/schema\\\/logo\\\/image\\\/\"},\"sameAs\":[\"https:\\\/\\\/www.facebook.com\\\/mjarc.arquitectos\\\/\",\"https:\\\/\\\/www.instagram.com\\\/mjarc.arq\\\/\"]},{\"@type\":\"Person\",\"@id\":\"https:\\\/\\\/mjarc.com\\\/fr\\\/#\\\/schema\\\/person\\\/ab65ccdc5c8ab87efc504c3b3b718820\",\"name\":\"geral@wevolved.com\",\"image\":{\"@type\":\"ImageObject\",\"inLanguage\":\"fr-FR\",\"@id\":\"https:\\\/\\\/mjarc.com\\\/wp-content\\\/litespeed\\\/avatar\\\/cc65f333da34ffbb92fb901af0aefde1.jpg?ver=1777571388\",\"url\":\"https:\\\/\\\/mjarc.com\\\/wp-content\\\/litespeed\\\/avatar\\\/cc65f333da34ffbb92fb901af0aefde1.jpg?ver=1777571388\",\"contentUrl\":\"https:\\\/\\\/mjarc.com\\\/wp-content\\\/litespeed\\\/avatar\\\/cc65f333da34ffbb92fb901af0aefde1.jpg?ver=1777571388\",\"caption\":\"geral@wevolved.com\"},\"sameAs\":[\"http:\\\/\\\/mjarc.com\"],\"url\":\"https:\\\/\\\/mjarc.com\\\/fr\\\/author\\\/geralwevolved-com\\\/\"}]}<\/script>\n<!-- \/ Yoast SEO plugin. -->","yoast_head_json":{"title":"Toits verts pour les projets","description":"Aujourd'hui, l'\u00e9quipe de MJARC Arquitectos va donner son avis sur les toits verts pour votre maison, ainsi que leurs avantages.","robots":{"index":"index","follow":"follow","max-snippet":"max-snippet:-1","max-image-preview":"max-image-preview:large","max-video-preview":"max-video-preview:-1"},"canonical":"https:\/\/mjarc.com\/cobertura-ajardinada-e-verdes\/","og_locale":"fr_FR","og_type":"article","og_title":"Toits verts pour les projets","og_description":"Aujourd'hui, l'\u00e9quipe de MJARC Arquitectos va donner son avis sur les toits verts pour votre maison, ainsi que leurs avantages.","og_url":"https:\/\/mjarc.com\/cobertura-ajardinada-e-verdes\/","og_site_name":"Mjarc","article_publisher":"https:\/\/www.facebook.com\/mjarc.arquitectos\/","article_published_time":"2021-03-17T07:57:28+00:00","article_modified_time":"2024-03-15T12:29:47+00:00","og_image":[{"width":1800,"height":1201,"url":"https:\/\/mjarc.com\/wp-content\/uploads\/2021\/03\/Casa-Vale-Do-Douro-projeto-arquitetura-mjarc-e1710500074318.jpg","type":"image\/jpeg"}],"author":"geral@wevolved.com","twitter_card":"summary_large_image","twitter_misc":{"\u00c9crit par":"geral@wevolved.com","Dur\u00e9e de lecture estim\u00e9e":"4 minutes"},"schema":{"@context":"https:\/\/schema.org","@graph":[{"@type":"Article","@id":"https:\/\/mjarc.com\/cobertura-ajardinada-e-verdes\/#article","isPartOf":{"@id":"https:\/\/mjarc.com\/cobertura-ajardinada-e-verdes\/"},"author":{"name":"geral@wevolved.com","@id":"https:\/\/mjarc.com\/fr\/#\/schema\/person\/ab65ccdc5c8ab87efc504c3b3b718820"},"headline":"Toits verts pour les projets","datePublished":"2021-03-17T07:57:28+00:00","dateModified":"2024-03-15T12:29:47+00:00","mainEntityOfPage":{"@id":"https:\/\/mjarc.com\/cobertura-ajardinada-e-verdes\/"},"wordCount":591,"commentCount":0,"publisher":{"@id":"https:\/\/mjarc.com\/fr\/#organization"},"image":{"@id":"https:\/\/mjarc.com\/cobertura-ajardinada-e-verdes\/#primaryimage"},"thumbnailUrl":"https:\/\/mjarc.com\/wp-content\/uploads\/2021\/03\/Casa-Vale-Do-Douro-projeto-arquitetura-mjarc-e1710500074318.jpg","keywords":["arquitetura","coberturas verdes","projetos"],"articleSection":["Architecture","Ext\u00e9rieur","Efficacit\u00e9"],"inLanguage":"fr-FR","potentialAction":[{"@type":"CommentAction","name":"Comment","target":["https:\/\/mjarc.com\/cobertura-ajardinada-e-verdes\/#respond"]}]},{"@type":"WebPage","@id":"https:\/\/mjarc.com\/cobertura-ajardinada-e-verdes\/","url":"https:\/\/mjarc.com\/cobertura-ajardinada-e-verdes\/","name":"Toits verts pour les projets","isPartOf":{"@id":"https:\/\/mjarc.com\/fr\/#website"},"primaryImageOfPage":{"@id":"https:\/\/mjarc.com\/cobertura-ajardinada-e-verdes\/#primaryimage"},"image":{"@id":"https:\/\/mjarc.com\/cobertura-ajardinada-e-verdes\/#primaryimage"},"thumbnailUrl":"https:\/\/mjarc.com\/wp-content\/uploads\/2021\/03\/Casa-Vale-Do-Douro-projeto-arquitetura-mjarc-e1710500074318.jpg","datePublished":"2021-03-17T07:57:28+00:00","dateModified":"2024-03-15T12:29:47+00:00","description":"Aujourd'hui, l'\u00e9quipe de MJARC Arquitectos va donner son avis sur les toits verts pour votre maison, ainsi que leurs avantages.","breadcrumb":{"@id":"https:\/\/mjarc.com\/cobertura-ajardinada-e-verdes\/#breadcrumb"},"inLanguage":"fr-FR","potentialAction":[{"@type":"ReadAction","target":["https:\/\/mjarc.com\/cobertura-ajardinada-e-verdes\/"]}]},{"@type":"ImageObject","inLanguage":"fr-FR","@id":"https:\/\/mjarc.com\/cobertura-ajardinada-e-verdes\/#primaryimage","url":"https:\/\/mjarc.com\/wp-content\/uploads\/2021\/03\/Casa-Vale-Do-Douro-projeto-arquitetura-mjarc-e1710500074318.jpg","contentUrl":"https:\/\/mjarc.com\/wp-content\/uploads\/2021\/03\/Casa-Vale-Do-Douro-projeto-arquitetura-mjarc-e1710500074318.jpg","width":1800,"height":1201,"caption":"Casa Vale Do Douro - coberturas ajardinadas"},{"@type":"BreadcrumbList","@id":"https:\/\/mjarc.com\/cobertura-ajardinada-e-verdes\/#breadcrumb","itemListElement":[{"@type":"ListItem","position":1,"name":"In\u00edcio","item":"https:\/\/mjarc.com\/fr\/"},{"@type":"ListItem","position":2,"name":"Toits verts pour les projets"}]},{"@type":"WebSite","@id":"https:\/\/mjarc.com\/fr\/#website","url":"https:\/\/mjarc.com\/fr\/","name":"Mjarc","description":"","publisher":{"@id":"https:\/\/mjarc.com\/fr\/#organization"},"potentialAction":[{"@type":"SearchAction","target":{"@type":"EntryPoint","urlTemplate":"https:\/\/mjarc.com\/fr\/?s={search_term_string}"},"query-input":{"@type":"PropertyValueSpecification","valueRequired":true,"valueName":"search_term_string"}}],"inLanguage":"fr-FR"},{"@type":"Organization","@id":"https:\/\/mjarc.com\/fr\/#organization","name":"Mjarc","url":"https:\/\/mjarc.com\/fr\/","logo":{"@type":"ImageObject","inLanguage":"fr-FR","@id":"https:\/\/mjarc.com\/fr\/#\/schema\/logo\/image\/","url":"https:\/\/mjarc.com\/wp-content\/uploads\/2023\/08\/logo_black_1.png","contentUrl":"https:\/\/mjarc.com\/wp-content\/uploads\/2023\/08\/logo_black_1.png","width":130,"height":130,"caption":"Mjarc"},"image":{"@id":"https:\/\/mjarc.com\/fr\/#\/schema\/logo\/image\/"},"sameAs":["https:\/\/www.facebook.com\/mjarc.arquitectos\/","https:\/\/www.instagram.com\/mjarc.arq\/"]},{"@type":"Person","@id":"https:\/\/mjarc.com\/fr\/#\/schema\/person\/ab65ccdc5c8ab87efc504c3b3b718820","name":"geral@wevolved.com","image":{"@type":"ImageObject","inLanguage":"fr-FR","@id":"https:\/\/mjarc.com\/wp-content\/litespeed\/avatar\/cc65f333da34ffbb92fb901af0aefde1.jpg?ver=1777571388","url":"https:\/\/mjarc.com\/wp-content\/litespeed\/avatar\/cc65f333da34ffbb92fb901af0aefde1.jpg?ver=1777571388","contentUrl":"https:\/\/mjarc.com\/wp-content\/litespeed\/avatar\/cc65f333da34ffbb92fb901af0aefde1.jpg?ver=1777571388","caption":"geral@wevolved.com"},"sameAs":["http:\/\/mjarc.com"],"url":"https:\/\/mjarc.com\/fr\/author\/geralwevolved-com\/"}]}},"_links":{"self":[{"href":"https:\/\/mjarc.com\/fr\/wp-json\/wp\/v2\/posts\/10911","targetHints":{"allow":["GET"]}}],"collection":[{"href":"https:\/\/mjarc.com\/fr\/wp-json\/wp\/v2\/posts"}],"about":[{"href":"https:\/\/mjarc.com\/fr\/wp-json\/wp\/v2\/types\/post"}],"author":[{"embeddable":true,"href":"https:\/\/mjarc.com\/fr\/wp-json\/wp\/v2\/users\/1"}],"replies":[{"embeddable":true,"href":"https:\/\/mjarc.com\/fr\/wp-json\/wp\/v2\/comments?post=10911"}],"version-history":[{"count":2,"href":"https:\/\/mjarc.com\/fr\/wp-json\/wp\/v2\/posts\/10911\/revisions"}],"predecessor-version":[{"id":10917,"href":"https:\/\/mjarc.com\/fr\/wp-json\/wp\/v2\/posts\/10911\/revisions\/10917"}],"wp:featuredmedia":[{"embeddable":true,"href":"https:\/\/mjarc.com\/fr\/wp-json\/wp\/v2\/media\/10905"}],"wp:attachment":[{"href":"https:\/\/mjarc.com\/fr\/wp-json\/wp\/v2\/media?parent=10911"}],"wp:term":[{"taxonomy":"category","embeddable":true,"href":"https:\/\/mjarc.com\/fr\/wp-json\/wp\/v2\/categories?post=10911"},{"taxonomy":"post_tag","embeddable":true,"href":"https:\/\/mjarc.com\/fr\/wp-json\/wp\/v2\/tags?post=10911"}],"curies":[{"name":"wp","href":"https:\/\/api.w.org\/{rel}","templated":true}]}}