{"id":18411,"date":"2026-04-30T17:29:49","date_gmt":"2026-04-30T17:29:49","guid":{"rendered":"https:\/\/mjarc.com\/?p=18411"},"modified":"2026-04-30T18:02:38","modified_gmt":"2026-04-30T18:02:38","slug":"quel-est-le-prix-pour-construire-une-maison-au-portugal-en-2026","status":"publish","type":"post","link":"https:\/\/mjarc.com\/fr\/quel-est-le-prix-pour-construire-une-maison-au-portugal-en-2026\/","title":{"rendered":"Quel est le prix pour construire une maison au Portugal en 2026?"},"content":{"rendered":"<p data-path-to-node=\"21\">En 2025-2026, construire au Portugal n&rsquo;est plus seulement une question de <b data-path-to-node=\"21\" data-index-in-node=\"74\">prix au m\u00b2<\/b>, c&rsquo;est une question de <b data-path-to-node=\"21\" data-index-in-node=\"108\">gestion des risques<\/b>. Cette variation s&rsquo;explique par des facteurs concrets qu&rsquo;un projet d&rsquo;architecture rigoureux anticipe. Cet article d\u00e9taille les co\u00fbts, les exclusions et pourquoi, dans un march\u00e9 instable, le projet d&rsquo;architecture est votre principal outil de contr\u00f4le budg\u00e9taire.<\/p>\n<h4 data-path-to-node=\"22\">Prix au m\u00b2 \u2014 R\u00e9f\u00e9rences du march\u00e9 en 2026<\/h4>\n<p data-path-to-node=\"23\">Le co\u00fbt moyen de construction oscille entre <b data-path-to-node=\"23\" data-index-in-node=\"44\">950 \u20ac et 1 800 \u20ac\/m\u00b2<\/b> de surface brute. \u00c0 des fins fiscales, l&rsquo;Arr\u00eat\u00e9 n.\u00ba 471\/2025\/1 a fix\u00e9 la valeur de r\u00e9f\u00e9rence (IMI) pour 2026 \u00e0 <b data-path-to-node=\"23\" data-index-in-node=\"175\">570 \u20ac\/m\u00b2<\/b> \u2014 un chiffre technique qui ne refl\u00e8te pas la r\u00e9alit\u00e9 du march\u00e9. En pratique, la majorit\u00e9 des constructions neuves d\u00e9passe les <b data-path-to-node=\"23\" data-index-in-node=\"310\">1 200 \u20ac\/m\u00b2<\/b>.<\/p>\n<table data-path-to-node=\"24\">\n<thead>\n<tr>\n<td><strong>Finitions<\/strong><\/td>\n<td><strong>Porto \/ C\u00f4te Nord<\/strong><\/td>\n<td><strong>Lisbonne \/ Algarve<\/strong><\/td>\n<td><strong>Int\u00e9rieur<\/strong><\/td>\n<\/tr>\n<\/thead>\n<tbody>\n<tr>\n<td><span data-path-to-node=\"24,1,0,0\"><b data-path-to-node=\"24,1,0,0\" data-index-in-node=\"0\">Basique<\/b><\/span><\/td>\n<td><span data-path-to-node=\"24,1,1,0\">1 000\u20131 200 \u20ac\/m\u00b2<\/span><\/td>\n<td><span data-path-to-node=\"24,1,2,0\">1 200\u20131 400 \u20ac\/m\u00b2<\/span><\/td>\n<td><span data-path-to-node=\"24,1,3,0\">800\u20131 000 \u20ac\/m\u00b2<\/span><\/td>\n<\/tr>\n<tr>\n<td><span data-path-to-node=\"24,2,0,0\"><b data-path-to-node=\"24,2,0,0\" data-index-in-node=\"0\">Standard<\/b><\/span><\/td>\n<td><span data-path-to-node=\"24,2,1,0\">1 200\u20131 500 \u20ac\/m\u00b2<\/span><\/td>\n<td><span data-path-to-node=\"24,2,2,0\">1 600\u20132 000 \u20ac\/m\u00b2<\/span><\/td>\n<td><span data-path-to-node=\"24,2,3,0\">1 000\u20131 400 \u20ac\/m\u00b2<\/span><\/td>\n<\/tr>\n<tr>\n<td><span data-path-to-node=\"24,3,0,0\"><b data-path-to-node=\"24,3,0,0\" data-index-in-node=\"0\">Premium<\/b><\/span><\/td>\n<td><span data-path-to-node=\"24,3,1,0\">1 500\u20132 000 \u20ac\/m\u00b2<\/span><\/td>\n<td><span data-path-to-node=\"24,3,2,0\">1 800\u20132 800 \u20ac\/m\u00b2<\/span><\/td>\n<td><span data-path-to-node=\"24,3,3,0\">1 200\u20131 600 \u20ac\/m\u00b2<\/span><\/td>\n<\/tr>\n<\/tbody>\n<\/table>\n<h4 data-path-to-node=\"25\">Ce qui n&rsquo;est pas inclus dans le prix des travaux<\/h4>\n<p data-path-to-node=\"26\">L&rsquo;erreur classique est de confondre le \u00ab\u00a0co\u00fbt des travaux\u00a0\u00bb avec le \u00ab\u00a0co\u00fbt total du projet\u00a0\u00bb. Le devis de l&rsquo;entrepreneur couvre la <b data-path-to-node=\"26\" data-index-in-node=\"127\">construction<\/b> n\u00e9cessaire pour rendre la maison habitable. Pour une villa de 120 m\u00b2 (gamme moyenne) sur le littoral :<\/p>\n<table data-path-to-node=\"27\">\n<thead>\n<tr>\n<td><strong>Composante<\/strong><\/td>\n<td><strong>Estimation<\/strong><\/td>\n<td><strong>Note<\/strong><\/td>\n<\/tr>\n<\/thead>\n<tbody>\n<tr>\n<td><span data-path-to-node=\"27,1,0,0\"><b data-path-to-node=\"27,1,0,0\" data-index-in-node=\"0\">Terrain (Littoral)<\/b><\/span><\/td>\n<td><span data-path-to-node=\"27,1,1,0\">40 000\u2013200 000 \u20ac<\/span><\/td>\n<td><span data-path-to-node=\"27,1,2,0\">Forte variation r\u00e9gionale<\/span><\/td>\n<\/tr>\n<tr>\n<td><span data-path-to-node=\"27,2,0,0\"><b data-path-to-node=\"27,2,0,0\" data-index-in-node=\"0\">Pr\u00e9paration du terrain<\/b><\/span><\/td>\n<td><span data-path-to-node=\"27,2,1,0\">3 000\u201310 000 \u20ac<\/span><\/td>\n<td><span data-path-to-node=\"27,2,2,0\">Terrassement, drainage<\/span><\/td>\n<\/tr>\n<tr>\n<td><span data-path-to-node=\"27,3,0,0\"><b data-path-to-node=\"27,3,0,0\" data-index-in-node=\"0\">Construction (120 m\u00b2)<\/b><\/span><\/td>\n<td><span data-path-to-node=\"27,3,1,0\">110 000\u2013190 000 \u20ac<\/span><\/td>\n<td><span data-path-to-node=\"27,3,2,0\">Gros \u0153uvre et finitions<\/span><\/td>\n<\/tr>\n<tr>\n<td><span data-path-to-node=\"27,4,0,0\"><b data-path-to-node=\"27,4,0,0\" data-index-in-node=\"0\">Projet d&rsquo;Architecture<\/b><\/span><\/td>\n<td><span data-path-to-node=\"27,4,1,0\">5 000\u201315 000 \u20ac<\/span><\/td>\n<td><span data-path-to-node=\"27,4,2,0\">3 \u00e0 8% de l&rsquo;ouvrage<\/span><\/td>\n<\/tr>\n<tr>\n<td><span data-path-to-node=\"27,5,0,0\"><b data-path-to-node=\"27,5,0,0\" data-index-in-node=\"0\">Ing\u00e9nierie (Sp\u00e9cialit\u00e9s)<\/b><\/span><\/td>\n<td><span data-path-to-node=\"27,5,1,0\">5 000\u20139 000 \u20ac<\/span><\/td>\n<td><span data-path-to-node=\"27,5,2,0\">Structure, thermique, acoustique<\/span><\/td>\n<\/tr>\n<tr>\n<td><span data-path-to-node=\"27,6,0,0\"><b data-path-to-node=\"27,6,0,0\" data-index-in-node=\"0\">Licences et Taxes<\/b><\/span><\/td>\n<td><span data-path-to-node=\"27,6,1,0\">2 000\u20138 000 \u20ac<\/span><\/td>\n<td><span data-path-to-node=\"27,6,2,0\">Varie selon la mairie (C\u00e2mara)<\/span><\/td>\n<\/tr>\n<tr>\n<td><span data-path-to-node=\"27,7,0,0\"><b data-path-to-node=\"27,7,0,0\" data-index-in-node=\"0\">Suivi de chantier<\/b><\/span><\/td>\n<td><span data-path-to-node=\"27,7,1,0\">2 500\u20136 000 \u20ac<\/span><\/td>\n<td><span data-path-to-node=\"27,7,2,0\">Essentiel, non optionnel<\/span><\/td>\n<\/tr>\n<tr>\n<td><span data-path-to-node=\"27,8,0,0\"><b data-path-to-node=\"27,8,0,0\" data-index-in-node=\"0\">Lev\u00e9 topographique<\/b><\/span><\/td>\n<td><span data-path-to-node=\"27,8,1,0\">500\u20131 000 \u20ac<\/span><\/td>\n<td><span data-path-to-node=\"27,8,2,0\">Obligatoire<\/span><\/td>\n<\/tr>\n<tr>\n<td><span data-path-to-node=\"27,9,0,0\"><b data-path-to-node=\"27,9,0,0\" data-index-in-node=\"0\">\u00c9tude g\u00e9otechnique<\/b><\/span><\/td>\n<td><span data-path-to-node=\"27,9,1,0\">1 000\u20133 000 \u20ac<\/span><\/td>\n<td><span data-path-to-node=\"27,9,2,0\">Fortement conseill\u00e9e<\/span><\/td>\n<\/tr>\n<tr>\n<td><span data-path-to-node=\"27,10,0,0\"><b data-path-to-node=\"27,10,0,0\" data-index-in-node=\"0\">Marge d&rsquo;imprevus<\/b><\/span><\/td>\n<td><span data-path-to-node=\"27,10,1,0\">10\u201315 %<\/span><\/td>\n<td><span data-path-to-node=\"27,10,2,0\">Certitude statistique<\/span><\/td>\n<\/tr>\n<\/tbody>\n<\/table>\n<p data-path-to-node=\"28\"><b data-path-to-node=\"28\" data-index-in-node=\"0\">Co\u00fbt total estim\u00e9 (hors terrain) pour 120 m\u00b2 \u00e0 Porto :<\/b> 200 000 \u20ac \u00e0 300 000 \u20ac. Pour du premium \u00e0 Lisbonne, le budget peut facilement d\u00e9passer les 300 000 \u20ac.<\/p>\n<h4 data-path-to-node=\"29\">Principaux facteurs de variation<\/h4>\n<ul data-path-to-node=\"30\">\n<li>\n<p data-path-to-node=\"30,0,0\"><b data-path-to-node=\"30,0,0\" data-index-in-node=\"0\">Localisation :<\/b> La main-d&rsquo;\u0153uvre est 15 \u00e0 25 % plus ch\u00e8re \u00e0 Lisbonne et Porto qu&rsquo;\u00e0 l&rsquo;int\u00e9rieur du pays.<\/p>\n<\/li>\n<li>\n<p data-path-to-node=\"30,1,0\"><b data-path-to-node=\"30,1,0\" data-index-in-node=\"0\">Conditions du terrain :<\/b> Un terrain en pente ou rocheux peut alourdir la facture des fondations. Une <b data-path-to-node=\"30,1,0\" data-index-in-node=\"100\">\u00e9tude de sol<\/b> est cruciale avant l&rsquo;achat.<\/p>\n<\/li>\n<li>\n<p data-path-to-node=\"30,2,0\"><b data-path-to-node=\"30,2,0\" data-index-in-node=\"0\">Mode de construction :<\/b> Le b\u00e9ton et la ma\u00e7onnerie traditionnelle restent comp\u00e9titifs. Le <b data-path-to-node=\"30,2,0\" data-index-in-node=\"88\">modulaire\/pr\u00e9fabriqu\u00e9<\/b> de qualit\u00e9 peut offrir un gain de 10 \u00e0 25 % sur le temps et le co\u00fbt.<\/p>\n<\/li>\n<li>\n<p data-path-to-node=\"30,3,0\"><b data-path-to-node=\"30,3,0\" data-index-in-node=\"0\">Finitions :<\/b> Elles repr\u00e9sentent 20 \u00e0 30 % du budget. Le choix des menuiseries (performances thermiques) et des mat\u00e9riaux de sol a un impact direct sur la valeur de revente.<\/p>\n<\/li>\n<\/ul>\n<h4 data-path-to-node=\"31\">Le r\u00f4le de l&rsquo;architecte dans le contr\u00f4le des co\u00fbts<\/h4>\n<p data-path-to-node=\"32\">Le projet d&rsquo;architecture repr\u00e9sente 3 % \u00e0 8 % du co\u00fbt total, mais c&rsquo;est lui qui garantit le respect du budget. Un dossier technique complet permet d&rsquo;obtenir des <b data-path-to-node=\"32\" data-index-in-node=\"161\">devis comparables<\/b> et d&rsquo;\u00e9viter les erreurs de compatibilit\u00e9 entre les ing\u00e9nieurs et l&rsquo;architecte.<\/p>\n","protected":false},"excerpt":{"rendered":"<p>En 2025-2026, construire au Portugal n&rsquo;est plus seulement une question de prix au m\u00b2, c&rsquo;est une question de gestion des risques. Cette variation s&rsquo;explique par des facteurs concrets qu&rsquo;un projet d&rsquo;architecture rigoureux anticipe. Cet article d\u00e9taille les co\u00fbts, les exclusions et pourquoi, dans un march\u00e9 instable, le projet d&rsquo;architecture est votre principal outil de contr\u00f4le [&hellip;]<\/p>\n<p class=\"read-more\"><a class=\"button\" href=\"https:\/\/mjarc.com\/fr\/quel-est-le-prix-pour-construire-une-maison-au-portugal-en-2026\/\">Lire la suite<\/a><\/p>\n","protected":false},"author":2,"featured_media":17186,"comment_status":"open","ping_status":"open","sticky":false,"template":"","format":"standard","meta":{"_monsterinsights_skip_tracking":false,"_monsterinsights_sitenote_active":false,"_monsterinsights_sitenote_note":"","_monsterinsights_sitenote_category":0,"footnotes":""},"categories":[32],"tags":[],"class_list":["post-18411","post","type-post","status-publish","format-standard","has-post-thumbnail","hentry","category-arquitetura-fr"],"yoast_head":"<!-- This site is optimized with the Yoast SEO plugin v27.3 - https:\/\/yoast.com\/product\/yoast-seo-wordpress\/ -->\n<title>Quel est le prix pour construire une maison au Portugal en 2026? - Mjarc<\/title>\n<meta name=\"description\" content=\"D\u00e9couvrez le co\u00fbt de construction d&#039;une maison au Portugal en 2026 : prix au m\u00b2, r\u00f4le de l&#039;architecte dans le budget et frais non inclus dans les travaux.\" \/>\n<meta name=\"robots\" content=\"index, follow, max-snippet:-1, max-image-preview:large, max-video-preview:-1\" \/>\n<link rel=\"canonical\" href=\"https:\/\/mjarc.com\/fr\/quel-est-le-prix-pour-construire-une-maison-au-portugal-en-2026\/\" \/>\n<meta property=\"og:locale\" content=\"fr_FR\" \/>\n<meta property=\"og:type\" content=\"article\" \/>\n<meta property=\"og:title\" content=\"Quel est le prix pour construire une maison au Portugal en 2026? - Mjarc\" \/>\n<meta property=\"og:description\" content=\"D\u00e9couvrez le co\u00fbt de construction d&#039;une maison au Portugal en 2026 : prix au m\u00b2, r\u00f4le de l&#039;architecte dans le budget et frais non inclus dans les travaux.\" \/>\n<meta property=\"og:url\" content=\"https:\/\/mjarc.com\/fr\/quel-est-le-prix-pour-construire-une-maison-au-portugal-en-2026\/\" \/>\n<meta property=\"og:site_name\" content=\"Mjarc\" \/>\n<meta property=\"article:publisher\" content=\"https:\/\/www.facebook.com\/mjarc.arquitectos\/\" \/>\n<meta property=\"article:published_time\" content=\"2026-04-30T17:29:49+00:00\" \/>\n<meta property=\"article:modified_time\" content=\"2026-04-30T18:02:38+00:00\" \/>\n<meta property=\"og:image\" content=\"https:\/\/mjarc.com\/wp-content\/uploads\/2023\/07\/Exterior-2.webp\" \/>\n\t<meta property=\"og:image:width\" content=\"1400\" \/>\n\t<meta property=\"og:image:height\" content=\"933\" \/>\n\t<meta property=\"og:image:type\" content=\"image\/webp\" \/>\n<meta name=\"author\" content=\"Mjarc\" \/>\n<meta name=\"twitter:card\" content=\"summary_large_image\" \/>\n<meta name=\"twitter:label1\" content=\"\u00c9crit par\" \/>\n\t<meta name=\"twitter:data1\" content=\"Mjarc\" \/>\n\t<meta name=\"twitter:label2\" content=\"Dur\u00e9e de lecture estim\u00e9e\" \/>\n\t<meta name=\"twitter:data2\" content=\"3 minutes\" \/>\n<script type=\"application\/ld+json\" class=\"yoast-schema-graph\">{\"@context\":\"https:\\\/\\\/schema.org\",\"@graph\":[{\"@type\":\"Article\",\"@id\":\"https:\\\/\\\/mjarc.com\\\/fr\\\/quel-est-le-prix-pour-construire-une-maison-au-portugal-en-2026\\\/#article\",\"isPartOf\":{\"@id\":\"https:\\\/\\\/mjarc.com\\\/fr\\\/quel-est-le-prix-pour-construire-une-maison-au-portugal-en-2026\\\/\"},\"author\":{\"name\":\"Mjarc\",\"@id\":\"https:\\\/\\\/mjarc.com\\\/fr\\\/#\\\/schema\\\/person\\\/4b3afbd73b7217bd7abd6435d1e05f2e\"},\"headline\":\"Quel est le prix pour construire une maison au Portugal en 2026?\",\"datePublished\":\"2026-04-30T17:29:49+00:00\",\"dateModified\":\"2026-04-30T18:02:38+00:00\",\"mainEntityOfPage\":{\"@id\":\"https:\\\/\\\/mjarc.com\\\/fr\\\/quel-est-le-prix-pour-construire-une-maison-au-portugal-en-2026\\\/\"},\"wordCount\":461,\"commentCount\":0,\"publisher\":{\"@id\":\"https:\\\/\\\/mjarc.com\\\/fr\\\/#organization\"},\"image\":{\"@id\":\"https:\\\/\\\/mjarc.com\\\/fr\\\/quel-est-le-prix-pour-construire-une-maison-au-portugal-en-2026\\\/#primaryimage\"},\"thumbnailUrl\":\"https:\\\/\\\/mjarc.com\\\/wp-content\\\/uploads\\\/2023\\\/07\\\/Exterior-2.webp\",\"articleSection\":[\"Architecture\"],\"inLanguage\":\"fr-FR\",\"potentialAction\":[{\"@type\":\"CommentAction\",\"name\":\"Comment\",\"target\":[\"https:\\\/\\\/mjarc.com\\\/fr\\\/quel-est-le-prix-pour-construire-une-maison-au-portugal-en-2026\\\/#respond\"]}]},{\"@type\":\"WebPage\",\"@id\":\"https:\\\/\\\/mjarc.com\\\/fr\\\/quel-est-le-prix-pour-construire-une-maison-au-portugal-en-2026\\\/\",\"url\":\"https:\\\/\\\/mjarc.com\\\/fr\\\/quel-est-le-prix-pour-construire-une-maison-au-portugal-en-2026\\\/\",\"name\":\"Quel est le prix pour construire une maison au Portugal en 2026? - Mjarc\",\"isPartOf\":{\"@id\":\"https:\\\/\\\/mjarc.com\\\/fr\\\/#website\"},\"primaryImageOfPage\":{\"@id\":\"https:\\\/\\\/mjarc.com\\\/fr\\\/quel-est-le-prix-pour-construire-une-maison-au-portugal-en-2026\\\/#primaryimage\"},\"image\":{\"@id\":\"https:\\\/\\\/mjarc.com\\\/fr\\\/quel-est-le-prix-pour-construire-une-maison-au-portugal-en-2026\\\/#primaryimage\"},\"thumbnailUrl\":\"https:\\\/\\\/mjarc.com\\\/wp-content\\\/uploads\\\/2023\\\/07\\\/Exterior-2.webp\",\"datePublished\":\"2026-04-30T17:29:49+00:00\",\"dateModified\":\"2026-04-30T18:02:38+00:00\",\"description\":\"D\u00e9couvrez le co\u00fbt de construction d'une maison au Portugal en 2026 : prix au m\u00b2, r\u00f4le de l'architecte dans le budget et frais non inclus dans les travaux.\",\"breadcrumb\":{\"@id\":\"https:\\\/\\\/mjarc.com\\\/fr\\\/quel-est-le-prix-pour-construire-une-maison-au-portugal-en-2026\\\/#breadcrumb\"},\"inLanguage\":\"fr-FR\",\"potentialAction\":[{\"@type\":\"ReadAction\",\"target\":[\"https:\\\/\\\/mjarc.com\\\/fr\\\/quel-est-le-prix-pour-construire-une-maison-au-portugal-en-2026\\\/\"]}]},{\"@type\":\"ImageObject\",\"inLanguage\":\"fr-FR\",\"@id\":\"https:\\\/\\\/mjarc.com\\\/fr\\\/quel-est-le-prix-pour-construire-une-maison-au-portugal-en-2026\\\/#primaryimage\",\"url\":\"https:\\\/\\\/mjarc.com\\\/wp-content\\\/uploads\\\/2023\\\/07\\\/Exterior-2.webp\",\"contentUrl\":\"https:\\\/\\\/mjarc.com\\\/wp-content\\\/uploads\\\/2023\\\/07\\\/Exterior-2.webp\",\"width\":1400,\"height\":933,\"caption\":\"PT: fachada em vidro e estrutura em bet\u00e3o da moradia de luxo geminada na madalena, vila nova de gaia EN:\"},{\"@type\":\"BreadcrumbList\",\"@id\":\"https:\\\/\\\/mjarc.com\\\/fr\\\/quel-est-le-prix-pour-construire-une-maison-au-portugal-en-2026\\\/#breadcrumb\",\"itemListElement\":[{\"@type\":\"ListItem\",\"position\":1,\"name\":\"In\u00edcio\",\"item\":\"https:\\\/\\\/mjarc.com\\\/fr\\\/\"},{\"@type\":\"ListItem\",\"position\":2,\"name\":\"Quel est le prix pour construire une maison au Portugal en 2026?\"}]},{\"@type\":\"WebSite\",\"@id\":\"https:\\\/\\\/mjarc.com\\\/fr\\\/#website\",\"url\":\"https:\\\/\\\/mjarc.com\\\/fr\\\/\",\"name\":\"Mjarc\",\"description\":\"\",\"publisher\":{\"@id\":\"https:\\\/\\\/mjarc.com\\\/fr\\\/#organization\"},\"potentialAction\":[{\"@type\":\"SearchAction\",\"target\":{\"@type\":\"EntryPoint\",\"urlTemplate\":\"https:\\\/\\\/mjarc.com\\\/fr\\\/?s={search_term_string}\"},\"query-input\":{\"@type\":\"PropertyValueSpecification\",\"valueRequired\":true,\"valueName\":\"search_term_string\"}}],\"inLanguage\":\"fr-FR\"},{\"@type\":\"Organization\",\"@id\":\"https:\\\/\\\/mjarc.com\\\/fr\\\/#organization\",\"name\":\"Mjarc\",\"url\":\"https:\\\/\\\/mjarc.com\\\/fr\\\/\",\"logo\":{\"@type\":\"ImageObject\",\"inLanguage\":\"fr-FR\",\"@id\":\"https:\\\/\\\/mjarc.com\\\/fr\\\/#\\\/schema\\\/logo\\\/image\\\/\",\"url\":\"https:\\\/\\\/mjarc.com\\\/wp-content\\\/uploads\\\/2023\\\/08\\\/logo_black_1.png\",\"contentUrl\":\"https:\\\/\\\/mjarc.com\\\/wp-content\\\/uploads\\\/2023\\\/08\\\/logo_black_1.png\",\"width\":130,\"height\":130,\"caption\":\"Mjarc\"},\"image\":{\"@id\":\"https:\\\/\\\/mjarc.com\\\/fr\\\/#\\\/schema\\\/logo\\\/image\\\/\"},\"sameAs\":[\"https:\\\/\\\/www.facebook.com\\\/mjarc.arquitectos\\\/\",\"https:\\\/\\\/www.instagram.com\\\/mjarc.arq\\\/\"]},{\"@type\":\"Person\",\"@id\":\"https:\\\/\\\/mjarc.com\\\/fr\\\/#\\\/schema\\\/person\\\/4b3afbd73b7217bd7abd6435d1e05f2e\",\"name\":\"Mjarc\",\"image\":{\"@type\":\"ImageObject\",\"inLanguage\":\"fr-FR\",\"@id\":\"https:\\\/\\\/mjarc.com\\\/wp-content\\\/litespeed\\\/avatar\\\/bbed492adff5646ba02f6c482eda4fc3.jpg?ver=1777573143\",\"url\":\"https:\\\/\\\/mjarc.com\\\/wp-content\\\/litespeed\\\/avatar\\\/bbed492adff5646ba02f6c482eda4fc3.jpg?ver=1777573143\",\"contentUrl\":\"https:\\\/\\\/mjarc.com\\\/wp-content\\\/litespeed\\\/avatar\\\/bbed492adff5646ba02f6c482eda4fc3.jpg?ver=1777573143\",\"caption\":\"Mjarc\"},\"url\":\"https:\\\/\\\/mjarc.com\\\/fr\\\/author\\\/mjarc1\\\/\"}]}<\/script>\n<!-- \/ Yoast SEO plugin. -->","yoast_head_json":{"title":"Quel est le prix pour construire une maison au Portugal en 2026? - Mjarc","description":"D\u00e9couvrez le co\u00fbt de construction d'une maison au Portugal en 2026 : prix au m\u00b2, r\u00f4le de l'architecte dans le budget et frais non inclus dans les travaux.","robots":{"index":"index","follow":"follow","max-snippet":"max-snippet:-1","max-image-preview":"max-image-preview:large","max-video-preview":"max-video-preview:-1"},"canonical":"https:\/\/mjarc.com\/fr\/quel-est-le-prix-pour-construire-une-maison-au-portugal-en-2026\/","og_locale":"fr_FR","og_type":"article","og_title":"Quel est le prix pour construire une maison au Portugal en 2026? - Mjarc","og_description":"D\u00e9couvrez le co\u00fbt de construction d'une maison au Portugal en 2026 : prix au m\u00b2, r\u00f4le de l'architecte dans le budget et frais non inclus dans les travaux.","og_url":"https:\/\/mjarc.com\/fr\/quel-est-le-prix-pour-construire-une-maison-au-portugal-en-2026\/","og_site_name":"Mjarc","article_publisher":"https:\/\/www.facebook.com\/mjarc.arquitectos\/","article_published_time":"2026-04-30T17:29:49+00:00","article_modified_time":"2026-04-30T18:02:38+00:00","og_image":[{"width":1400,"height":933,"url":"https:\/\/mjarc.com\/wp-content\/uploads\/2023\/07\/Exterior-2.webp","type":"image\/webp"}],"author":"Mjarc","twitter_card":"summary_large_image","twitter_misc":{"\u00c9crit par":"Mjarc","Dur\u00e9e de lecture estim\u00e9e":"3 minutes"},"schema":{"@context":"https:\/\/schema.org","@graph":[{"@type":"Article","@id":"https:\/\/mjarc.com\/fr\/quel-est-le-prix-pour-construire-une-maison-au-portugal-en-2026\/#article","isPartOf":{"@id":"https:\/\/mjarc.com\/fr\/quel-est-le-prix-pour-construire-une-maison-au-portugal-en-2026\/"},"author":{"name":"Mjarc","@id":"https:\/\/mjarc.com\/fr\/#\/schema\/person\/4b3afbd73b7217bd7abd6435d1e05f2e"},"headline":"Quel est le prix pour construire une maison au Portugal en 2026?","datePublished":"2026-04-30T17:29:49+00:00","dateModified":"2026-04-30T18:02:38+00:00","mainEntityOfPage":{"@id":"https:\/\/mjarc.com\/fr\/quel-est-le-prix-pour-construire-une-maison-au-portugal-en-2026\/"},"wordCount":461,"commentCount":0,"publisher":{"@id":"https:\/\/mjarc.com\/fr\/#organization"},"image":{"@id":"https:\/\/mjarc.com\/fr\/quel-est-le-prix-pour-construire-une-maison-au-portugal-en-2026\/#primaryimage"},"thumbnailUrl":"https:\/\/mjarc.com\/wp-content\/uploads\/2023\/07\/Exterior-2.webp","articleSection":["Architecture"],"inLanguage":"fr-FR","potentialAction":[{"@type":"CommentAction","name":"Comment","target":["https:\/\/mjarc.com\/fr\/quel-est-le-prix-pour-construire-une-maison-au-portugal-en-2026\/#respond"]}]},{"@type":"WebPage","@id":"https:\/\/mjarc.com\/fr\/quel-est-le-prix-pour-construire-une-maison-au-portugal-en-2026\/","url":"https:\/\/mjarc.com\/fr\/quel-est-le-prix-pour-construire-une-maison-au-portugal-en-2026\/","name":"Quel est le prix pour construire une maison au Portugal en 2026? - Mjarc","isPartOf":{"@id":"https:\/\/mjarc.com\/fr\/#website"},"primaryImageOfPage":{"@id":"https:\/\/mjarc.com\/fr\/quel-est-le-prix-pour-construire-une-maison-au-portugal-en-2026\/#primaryimage"},"image":{"@id":"https:\/\/mjarc.com\/fr\/quel-est-le-prix-pour-construire-une-maison-au-portugal-en-2026\/#primaryimage"},"thumbnailUrl":"https:\/\/mjarc.com\/wp-content\/uploads\/2023\/07\/Exterior-2.webp","datePublished":"2026-04-30T17:29:49+00:00","dateModified":"2026-04-30T18:02:38+00:00","description":"D\u00e9couvrez le co\u00fbt de construction d'une maison au Portugal en 2026 : prix au m\u00b2, r\u00f4le de l'architecte dans le budget et frais non inclus dans les travaux.","breadcrumb":{"@id":"https:\/\/mjarc.com\/fr\/quel-est-le-prix-pour-construire-une-maison-au-portugal-en-2026\/#breadcrumb"},"inLanguage":"fr-FR","potentialAction":[{"@type":"ReadAction","target":["https:\/\/mjarc.com\/fr\/quel-est-le-prix-pour-construire-une-maison-au-portugal-en-2026\/"]}]},{"@type":"ImageObject","inLanguage":"fr-FR","@id":"https:\/\/mjarc.com\/fr\/quel-est-le-prix-pour-construire-une-maison-au-portugal-en-2026\/#primaryimage","url":"https:\/\/mjarc.com\/wp-content\/uploads\/2023\/07\/Exterior-2.webp","contentUrl":"https:\/\/mjarc.com\/wp-content\/uploads\/2023\/07\/Exterior-2.webp","width":1400,"height":933,"caption":"PT: fachada em vidro e estrutura em bet\u00e3o da moradia de luxo geminada na madalena, vila nova de gaia EN:"},{"@type":"BreadcrumbList","@id":"https:\/\/mjarc.com\/fr\/quel-est-le-prix-pour-construire-une-maison-au-portugal-en-2026\/#breadcrumb","itemListElement":[{"@type":"ListItem","position":1,"name":"In\u00edcio","item":"https:\/\/mjarc.com\/fr\/"},{"@type":"ListItem","position":2,"name":"Quel est le prix pour construire une maison au Portugal en 2026?"}]},{"@type":"WebSite","@id":"https:\/\/mjarc.com\/fr\/#website","url":"https:\/\/mjarc.com\/fr\/","name":"Mjarc","description":"","publisher":{"@id":"https:\/\/mjarc.com\/fr\/#organization"},"potentialAction":[{"@type":"SearchAction","target":{"@type":"EntryPoint","urlTemplate":"https:\/\/mjarc.com\/fr\/?s={search_term_string}"},"query-input":{"@type":"PropertyValueSpecification","valueRequired":true,"valueName":"search_term_string"}}],"inLanguage":"fr-FR"},{"@type":"Organization","@id":"https:\/\/mjarc.com\/fr\/#organization","name":"Mjarc","url":"https:\/\/mjarc.com\/fr\/","logo":{"@type":"ImageObject","inLanguage":"fr-FR","@id":"https:\/\/mjarc.com\/fr\/#\/schema\/logo\/image\/","url":"https:\/\/mjarc.com\/wp-content\/uploads\/2023\/08\/logo_black_1.png","contentUrl":"https:\/\/mjarc.com\/wp-content\/uploads\/2023\/08\/logo_black_1.png","width":130,"height":130,"caption":"Mjarc"},"image":{"@id":"https:\/\/mjarc.com\/fr\/#\/schema\/logo\/image\/"},"sameAs":["https:\/\/www.facebook.com\/mjarc.arquitectos\/","https:\/\/www.instagram.com\/mjarc.arq\/"]},{"@type":"Person","@id":"https:\/\/mjarc.com\/fr\/#\/schema\/person\/4b3afbd73b7217bd7abd6435d1e05f2e","name":"Mjarc","image":{"@type":"ImageObject","inLanguage":"fr-FR","@id":"https:\/\/mjarc.com\/wp-content\/litespeed\/avatar\/bbed492adff5646ba02f6c482eda4fc3.jpg?ver=1777573143","url":"https:\/\/mjarc.com\/wp-content\/litespeed\/avatar\/bbed492adff5646ba02f6c482eda4fc3.jpg?ver=1777573143","contentUrl":"https:\/\/mjarc.com\/wp-content\/litespeed\/avatar\/bbed492adff5646ba02f6c482eda4fc3.jpg?ver=1777573143","caption":"Mjarc"},"url":"https:\/\/mjarc.com\/fr\/author\/mjarc1\/"}]}},"_links":{"self":[{"href":"https:\/\/mjarc.com\/fr\/wp-json\/wp\/v2\/posts\/18411","targetHints":{"allow":["GET"]}}],"collection":[{"href":"https:\/\/mjarc.com\/fr\/wp-json\/wp\/v2\/posts"}],"about":[{"href":"https:\/\/mjarc.com\/fr\/wp-json\/wp\/v2\/types\/post"}],"author":[{"embeddable":true,"href":"https:\/\/mjarc.com\/fr\/wp-json\/wp\/v2\/users\/2"}],"replies":[{"embeddable":true,"href":"https:\/\/mjarc.com\/fr\/wp-json\/wp\/v2\/comments?post=18411"}],"version-history":[{"count":1,"href":"https:\/\/mjarc.com\/fr\/wp-json\/wp\/v2\/posts\/18411\/revisions"}],"predecessor-version":[{"id":18412,"href":"https:\/\/mjarc.com\/fr\/wp-json\/wp\/v2\/posts\/18411\/revisions\/18412"}],"wp:featuredmedia":[{"embeddable":true,"href":"https:\/\/mjarc.com\/fr\/wp-json\/wp\/v2\/media\/17186"}],"wp:attachment":[{"href":"https:\/\/mjarc.com\/fr\/wp-json\/wp\/v2\/media?parent=18411"}],"wp:term":[{"taxonomy":"category","embeddable":true,"href":"https:\/\/mjarc.com\/fr\/wp-json\/wp\/v2\/categories?post=18411"},{"taxonomy":"post_tag","embeddable":true,"href":"https:\/\/mjarc.com\/fr\/wp-json\/wp\/v2\/tags?post=18411"}],"curies":[{"name":"wp","href":"https:\/\/api.w.org\/{rel}","templated":true}]}}